{"id":2896,"date":"2026-03-22T17:52:48","date_gmt":"2026-03-22T16:52:48","guid":{"rendered":"https:\/\/blogsaverroes.juntadeandalucia.es\/ieszocoes\/?p=2896"},"modified":"2026-03-22T17:57:18","modified_gmt":"2026-03-22T16:57:18","slug":"alvaro-villar-brilla-con-una-plata-historica-en-karate-cordobes","status":"publish","type":"post","link":"https:\/\/blogsaverroes.juntadeandalucia.es\/ieszocoes\/alvaro-villar-brilla-con-una-plata-historica-en-karate-cordobes\/","title":{"rendered":"\u00c1lvaro Villar brilla con una plata hist\u00f3rica en k\u00e1rate cordob\u00e9s"},"content":{"rendered":"\t\t<div data-elementor-type=\"wp-post\" data-elementor-id=\"2896\" class=\"elementor elementor-2896\">\n\t\t\t\t<div class=\"elementor-element elementor-element-20f6562 e-flex e-con-boxed e-con e-parent\" data-id=\"20f6562\" data-element_type=\"container\">\n\t\t\t\t\t<div class=\"e-con-inner\">\n\t\t\t\t<div class=\"elementor-element elementor-element-7923d51 elementor-widget elementor-widget-text-editor\" data-id=\"7923d51\" data-element_type=\"widget\" data-widget_type=\"text-editor.default\">\n\t\t\t\t<div class=\"elementor-widget-container\">\n\t\t\t\t\t\t\t\t\t<p style=\"text-align: justify\">Nuestro alumno \u00c1lvaro Villar Loaisa, integrante del equipo Atam, se ha consolidado como una de las grandes promesas del deporte cordob\u00e9s al proclamarse subcamper\u00f3n de Andaluc\u00eda de k\u00e1rate en la modalidad de kumite (categor\u00eda de menos de 40 kg). A sus 12 a\u00f1os nuestro alumno ha lograda una medalla de plata hist\u00f3rica para el deporte cordob\u00e9s.<\/p><p style=\"text-align: center\">!FELICIDADES \u00c1LVARO!<\/p>\t\t\t\t\t\t\t\t<\/div>\n\t\t\t\t<\/div>\n\t\t\t\t\t<\/div>\n\t\t\t\t<\/div>\n\t\t<div class=\"elementor-element elementor-element-8fd5c38 e-flex e-con-boxed e-con e-parent\" data-id=\"8fd5c38\" data-element_type=\"container\">\n\t\t\t\t\t<div class=\"e-con-inner\">\n\t\t\t\t<div class=\"elementor-element elementor-element-5ed52f3 elementor-widget elementor-widget-image\" data-id=\"5ed52f3\" data-element_type=\"widget\" data-widget_type=\"image.default\">\n\t\t\t\t<div class=\"elementor-widget-container\">\n\t\t\t\t\t\t\t\t\t\t\t\t\t\t\t<img fetchpriority=\"high\" decoding=\"async\" width=\"819\" height=\"669\" src=\"https:\/\/blogsaverroes.juntadeandalucia.es\/ieszocoes\/files\/2026\/03\/karate.jpg\" class=\"attachment-large size-large wp-image-2897\" alt=\"\" srcset=\"https:\/\/blogsaverroes.juntadeandalucia.es\/ieszocoes\/files\/2026\/03\/karate.jpg 819w, https:\/\/blogsaverroes.juntadeandalucia.es\/ieszocoes\/files\/2026\/03\/karate-300x245.jpg 300w, https:\/\/blogsaverroes.juntadeandalucia.es\/ieszocoes\/files\/2026\/03\/karate-768x627.jpg 768w\" sizes=\"(max-width: 819px) 100vw, 819px\" \/>\t\t\t\t\t\t\t\t\t\t\t\t\t\t\t<\/div>\n\t\t\t\t<\/div>\n\t\t\t\t\t<\/div>\n\t\t\t\t<\/div>\n\t\t\t\t<\/div>\n\t\t","protected":false},"excerpt":{"rendered":"<p>Nuestro alumno \u00c1lvaro Villar Loaisa, integrante del equipo Atam, se ha consolidado como una de las grandes promesas del deporte cordob\u00e9s al proclamarse subcamper\u00f3n de Andaluc\u00eda de k\u00e1rate en la modalidad de kumite (categor\u00eda&#46;&#46;&#46;<\/p>\n","protected":false},"author":19052,"featured_media":2901,"comment_status":"closed","ping_status":"open","sticky":false,"template":"","format":"standard","meta":{"ngg_post_thumbnail":0,"footnotes":""},"categories":[19,1],"tags":[],"aioseo_notices":[],"_links":{"self":[{"href":"https:\/\/blogsaverroes.juntadeandalucia.es\/ieszocoes\/wp-json\/wp\/v2\/posts\/2896"}],"collection":[{"href":"https:\/\/blogsaverroes.juntadeandalucia.es\/ieszocoes\/wp-json\/wp\/v2\/posts"}],"about":[{"href":"https:\/\/blogsaverroes.juntadeandalucia.es\/ieszocoes\/wp-json\/wp\/v2\/types\/post"}],"author":[{"embeddable":true,"href":"https:\/\/blogsaverroes.juntadeandalucia.es\/ieszocoes\/wp-json\/wp\/v2\/users\/19052"}],"replies":[{"embeddable":true,"href":"https:\/\/blogsaverroes.juntadeandalucia.es\/ieszocoes\/wp-json\/wp\/v2\/comments?post=2896"}],"version-history":[{"count":4,"href":"https:\/\/blogsaverroes.juntadeandalucia.es\/ieszocoes\/wp-json\/wp\/v2\/posts\/2896\/revisions"}],"predecessor-version":[{"id":2902,"href":"https:\/\/blogsaverroes.juntadeandalucia.es\/ieszocoes\/wp-json\/wp\/v2\/posts\/2896\/revisions\/2902"}],"wp:featuredmedia":[{"embeddable":true,"href":"https:\/\/blogsaverroes.juntadeandalucia.es\/ieszocoes\/wp-json\/wp\/v2\/media\/2901"}],"wp:attachment":[{"href":"https:\/\/blogsaverroes.juntadeandalucia.es\/ieszocoes\/wp-json\/wp\/v2\/media?parent=2896"}],"wp:term":[{"taxonomy":"category","embeddable":true,"href":"https:\/\/blogsaverroes.juntadeandalucia.es\/ieszocoes\/wp-json\/wp\/v2\/categories?post=2896"},{"taxonomy":"post_tag","embeddable":true,"href":"https:\/\/blogsaverroes.juntadeandalucia.es\/ieszocoes\/wp-json\/wp\/v2\/tags?post=2896"}],"curies":[{"name":"wp","href":"https:\/\/api.w.org\/{rel}","templated":true}]}}