{"id":256,"date":"2020-05-19T18:15:19","date_gmt":"2020-05-19T18:15:19","guid":{"rendered":"https:\/\/blogsaverroes.juntadeandalucia.es\/igualdadceipferrobus\/?p=256"},"modified":"2020-10-26T16:06:07","modified_gmt":"2020-10-26T16:06:07","slug":"mujeres-al-poder","status":"publish","type":"post","link":"https:\/\/blogsaverroes.juntadeandalucia.es\/igualdadceipferrobus\/mujeres-al-poder\/","title":{"rendered":"MUJERES AL PODER."},"content":{"rendered":"<p>Mujeres al poder es el t\u00edtulo que una de nuestras alumnas ha dado a su trabajo. El tema del trabajo es elecci\u00f3n propia. En \u00e9l hace un repaso a mujeres importantes en diferentes momentos de nuestra historia y expresa su opini\u00f3n acerca de ellas.<br \/>\n<img loading=\"lazy\" decoding=\"async\" class=\"aligncenter size-large wp-image-244\" src=\"https:\/\/blogsaverroes.juntadeandalucia.es\/igualdadceipferrobus\/files\/2020\/05\/CamScanner-05-15-2020-21.52.45_1-727x1024.jpg\" alt=\"\" width=\"660\" height=\"930\" srcset=\"https:\/\/blogsaverroes.juntadeandalucia.es\/igualdadceipferrobus\/files\/2020\/05\/CamScanner-05-15-2020-21.52.45_1-727x1024.jpg 727w, https:\/\/blogsaverroes.juntadeandalucia.es\/igualdadceipferrobus\/files\/2020\/05\/CamScanner-05-15-2020-21.52.45_1-213x300.jpg 213w, https:\/\/blogsaverroes.juntadeandalucia.es\/igualdadceipferrobus\/files\/2020\/05\/CamScanner-05-15-2020-21.52.45_1-768x1082.jpg 768w, https:\/\/blogsaverroes.juntadeandalucia.es\/igualdadceipferrobus\/files\/2020\/05\/CamScanner-05-15-2020-21.52.45_1-700x986.jpg 700w, https:\/\/blogsaverroes.juntadeandalucia.es\/igualdadceipferrobus\/files\/2020\/05\/CamScanner-05-15-2020-21.52.45_1-332x468.jpg 332w, https:\/\/blogsaverroes.juntadeandalucia.es\/igualdadceipferrobus\/files\/2020\/05\/CamScanner-05-15-2020-21.52.45_1-17x24.jpg 17w, https:\/\/blogsaverroes.juntadeandalucia.es\/igualdadceipferrobus\/files\/2020\/05\/CamScanner-05-15-2020-21.52.45_1-26x36.jpg 26w, https:\/\/blogsaverroes.juntadeandalucia.es\/igualdadceipferrobus\/files\/2020\/05\/CamScanner-05-15-2020-21.52.45_1-34x48.jpg 34w, https:\/\/blogsaverroes.juntadeandalucia.es\/igualdadceipferrobus\/files\/2020\/05\/CamScanner-05-15-2020-21.52.45_1.jpg 1135w\" sizes=\"(max-width: 660px) 100vw, 660px\" \/> <img loading=\"lazy\" decoding=\"async\" class=\"aligncenter size-large wp-image-245\" src=\"https:\/\/blogsaverroes.juntadeandalucia.es\/igualdadceipferrobus\/files\/2020\/05\/CamScanner-05-15-2020-21.52.45_2-699x1024.jpg\" alt=\"\" width=\"660\" height=\"967\" srcset=\"https:\/\/blogsaverroes.juntadeandalucia.es\/igualdadceipferrobus\/files\/2020\/05\/CamScanner-05-15-2020-21.52.45_2-699x1024.jpg 699w, https:\/\/blogsaverroes.juntadeandalucia.es\/igualdadceipferrobus\/files\/2020\/05\/CamScanner-05-15-2020-21.52.45_2-205x300.jpg 205w, https:\/\/blogsaverroes.juntadeandalucia.es\/igualdadceipferrobus\/files\/2020\/05\/CamScanner-05-15-2020-21.52.45_2-768x1125.jpg 768w, https:\/\/blogsaverroes.juntadeandalucia.es\/igualdadceipferrobus\/files\/2020\/05\/CamScanner-05-15-2020-21.52.45_2-700x1025.jpg 700w, https:\/\/blogsaverroes.juntadeandalucia.es\/igualdadceipferrobus\/files\/2020\/05\/CamScanner-05-15-2020-21.52.45_2-332x486.jpg 332w, https:\/\/blogsaverroes.juntadeandalucia.es\/igualdadceipferrobus\/files\/2020\/05\/CamScanner-05-15-2020-21.52.45_2-16x24.jpg 16w, https:\/\/blogsaverroes.juntadeandalucia.es\/igualdadceipferrobus\/files\/2020\/05\/CamScanner-05-15-2020-21.52.45_2-25x36.jpg 25w, https:\/\/blogsaverroes.juntadeandalucia.es\/igualdadceipferrobus\/files\/2020\/05\/CamScanner-05-15-2020-21.52.45_2-33x48.jpg 33w, https:\/\/blogsaverroes.juntadeandalucia.es\/igualdadceipferrobus\/files\/2020\/05\/CamScanner-05-15-2020-21.52.45_2.jpg 1093w\" sizes=\"(max-width: 660px) 100vw, 660px\" \/> <img loading=\"lazy\" decoding=\"async\" class=\"aligncenter size-large wp-image-246\" src=\"https:\/\/blogsaverroes.juntadeandalucia.es\/igualdadceipferrobus\/files\/2020\/05\/CamScanner-05-15-2020-21.52.45_3-718x1024.jpg\" alt=\"\" width=\"660\" height=\"941\" srcset=\"https:\/\/blogsaverroes.juntadeandalucia.es\/igualdadceipferrobus\/files\/2020\/05\/CamScanner-05-15-2020-21.52.45_3-718x1024.jpg 718w, https:\/\/blogsaverroes.juntadeandalucia.es\/igualdadceipferrobus\/files\/2020\/05\/CamScanner-05-15-2020-21.52.45_3-210x300.jpg 210w, https:\/\/blogsaverroes.juntadeandalucia.es\/igualdadceipferrobus\/files\/2020\/05\/CamScanner-05-15-2020-21.52.45_3-768x1096.jpg 768w, https:\/\/blogsaverroes.juntadeandalucia.es\/igualdadceipferrobus\/files\/2020\/05\/CamScanner-05-15-2020-21.52.45_3-700x999.jpg 700w, https:\/\/blogsaverroes.juntadeandalucia.es\/igualdadceipferrobus\/files\/2020\/05\/CamScanner-05-15-2020-21.52.45_3-332x474.jpg 332w, https:\/\/blogsaverroes.juntadeandalucia.es\/igualdadceipferrobus\/files\/2020\/05\/CamScanner-05-15-2020-21.52.45_3-17x24.jpg 17w, https:\/\/blogsaverroes.juntadeandalucia.es\/igualdadceipferrobus\/files\/2020\/05\/CamScanner-05-15-2020-21.52.45_3-25x36.jpg 25w, https:\/\/blogsaverroes.juntadeandalucia.es\/igualdadceipferrobus\/files\/2020\/05\/CamScanner-05-15-2020-21.52.45_3-34x48.jpg 34w, https:\/\/blogsaverroes.juntadeandalucia.es\/igualdadceipferrobus\/files\/2020\/05\/CamScanner-05-15-2020-21.52.45_3.jpg 1122w\" sizes=\"(max-width: 660px) 100vw, 660px\" \/><\/p>\n","protected":false},"excerpt":{"rendered":"<p>Mujeres al poder es el t\u00edtulo que una de nuestras alumnas ha dado a su trabajo. El tema del trabajo es elecci\u00f3n propia. En \u00e9l hace un repaso a mujeres importantes en diferentes momentos&#46;&#46;&#46;<\/p>\n","protected":false},"author":3044,"featured_media":0,"comment_status":"open","ping_status":"open","sticky":true,"template":"","format":"standard","meta":{"ngg_post_thumbnail":0,"footnotes":""},"categories":[737671,11909],"tags":[],"aioseo_notices":[],"_links":{"self":[{"href":"https:\/\/blogsaverroes.juntadeandalucia.es\/igualdadceipferrobus\/wp-json\/wp\/v2\/posts\/256"}],"collection":[{"href":"https:\/\/blogsaverroes.juntadeandalucia.es\/igualdadceipferrobus\/wp-json\/wp\/v2\/posts"}],"about":[{"href":"https:\/\/blogsaverroes.juntadeandalucia.es\/igualdadceipferrobus\/wp-json\/wp\/v2\/types\/post"}],"author":[{"embeddable":true,"href":"https:\/\/blogsaverroes.juntadeandalucia.es\/igualdadceipferrobus\/wp-json\/wp\/v2\/users\/3044"}],"replies":[{"embeddable":true,"href":"https:\/\/blogsaverroes.juntadeandalucia.es\/igualdadceipferrobus\/wp-json\/wp\/v2\/comments?post=256"}],"version-history":[{"count":1,"href":"https:\/\/blogsaverroes.juntadeandalucia.es\/igualdadceipferrobus\/wp-json\/wp\/v2\/posts\/256\/revisions"}],"predecessor-version":[{"id":257,"href":"https:\/\/blogsaverroes.juntadeandalucia.es\/igualdadceipferrobus\/wp-json\/wp\/v2\/posts\/256\/revisions\/257"}],"wp:attachment":[{"href":"https:\/\/blogsaverroes.juntadeandalucia.es\/igualdadceipferrobus\/wp-json\/wp\/v2\/media?parent=256"}],"wp:term":[{"taxonomy":"category","embeddable":true,"href":"https:\/\/blogsaverroes.juntadeandalucia.es\/igualdadceipferrobus\/wp-json\/wp\/v2\/categories?post=256"},{"taxonomy":"post_tag","embeddable":true,"href":"https:\/\/blogsaverroes.juntadeandalucia.es\/igualdadceipferrobus\/wp-json\/wp\/v2\/tags?post=256"}],"curies":[{"name":"wp","href":"https:\/\/api.w.org\/{rel}","templated":true}]}}