{"id":277,"date":"2021-03-07T20:50:09","date_gmt":"2021-03-07T20:50:09","guid":{"rendered":"http:\/\/blogsaverroes.juntadeandalucia.es\/igualmente\/?p=277"},"modified":"2022-01-10T20:31:37","modified_gmt":"2022-01-10T20:31:37","slug":"programa-de-actividades-8m","status":"publish","type":"post","link":"https:\/\/blogsaverroes.juntadeandalucia.es\/igualmente\/2021\/03\/07\/programa-de-actividades-8m\/","title":{"rendered":"Programa de Actividades &#8211; 8M"},"content":{"rendered":"<p>Con motivo de la celebraci\u00f3n del D\u00eda de la Mujer &#8211; 8M el centro ha preparado un programa de actividades que tendr\u00e1n su continuidad a lo largo de lo que queda de curso. Aqu\u00ed os dejamos el programa de actividades.<\/p>\n<div style=\"width: 100%\">\n<div style=\"padding-bottom: 56.25%;padding-top: 0;height: 0\"><iframe loading=\"lazy\" src=\"https:\/\/view.genial.ly\/60450cd36a10b00d24279321\" width=\"950\" height=\"534\" frameborder=\"0\" scrolling=\"yes\"><span data-mce-type=\"bookmark\" style=\"width: 0px;overflow: hidden;line-height: 0\" class=\"mce_SELRES_start\">\ufeff<\/span><span data-mce-type=\"bookmark\" style=\"width: 0px;overflow: hidden;line-height: 0\" class=\"mce_SELRES_start\">\ufeff<\/span><span data-mce-type=\"bookmark\" style=\"width: 0px;overflow: hidden;line-height: 0\" class=\"mce_SELRES_start\">\ufeff<\/span><\/iframe><\/div>\n<\/div>\n<p>&nbsp;<\/p>\n","protected":false},"excerpt":{"rendered":"<p>Con motivo de la celebraci\u00f3n del D\u00eda de la Mujer &#8211; 8M el centro ha preparado un programa de actividades que tendr\u00e1n su continuidad a lo largo de lo que queda de curso. Aqu\u00ed&#46;&#46;&#46;<\/p>\n","protected":false},"author":5048,"featured_media":282,"comment_status":"open","ping_status":"open","sticky":false,"template":"","format":"standard","meta":{"ngg_post_thumbnail":0,"footnotes":""},"categories":[18235],"tags":[],"aioseo_notices":[],"_links":{"self":[{"href":"https:\/\/blogsaverroes.juntadeandalucia.es\/igualmente\/wp-json\/wp\/v2\/posts\/277"}],"collection":[{"href":"https:\/\/blogsaverroes.juntadeandalucia.es\/igualmente\/wp-json\/wp\/v2\/posts"}],"about":[{"href":"https:\/\/blogsaverroes.juntadeandalucia.es\/igualmente\/wp-json\/wp\/v2\/types\/post"}],"author":[{"embeddable":true,"href":"https:\/\/blogsaverroes.juntadeandalucia.es\/igualmente\/wp-json\/wp\/v2\/users\/5048"}],"replies":[{"embeddable":true,"href":"https:\/\/blogsaverroes.juntadeandalucia.es\/igualmente\/wp-json\/wp\/v2\/comments?post=277"}],"version-history":[{"count":4,"href":"https:\/\/blogsaverroes.juntadeandalucia.es\/igualmente\/wp-json\/wp\/v2\/posts\/277\/revisions"}],"predecessor-version":[{"id":281,"href":"https:\/\/blogsaverroes.juntadeandalucia.es\/igualmente\/wp-json\/wp\/v2\/posts\/277\/revisions\/281"}],"wp:featuredmedia":[{"embeddable":true,"href":"https:\/\/blogsaverroes.juntadeandalucia.es\/igualmente\/wp-json\/wp\/v2\/media\/282"}],"wp:attachment":[{"href":"https:\/\/blogsaverroes.juntadeandalucia.es\/igualmente\/wp-json\/wp\/v2\/media?parent=277"}],"wp:term":[{"taxonomy":"category","embeddable":true,"href":"https:\/\/blogsaverroes.juntadeandalucia.es\/igualmente\/wp-json\/wp\/v2\/categories?post=277"},{"taxonomy":"post_tag","embeddable":true,"href":"https:\/\/blogsaverroes.juntadeandalucia.es\/igualmente\/wp-json\/wp\/v2\/tags?post=277"}],"curies":[{"name":"wp","href":"https:\/\/api.w.org\/{rel}","templated":true}]}}