{"id":75,"date":"2023-12-05T16:42:01","date_gmt":"2023-12-05T15:42:01","guid":{"rendered":"https:\/\/blogsaverroes.juntadeandalucia.es\/igualmentevicente\/?p=75"},"modified":"2023-12-05T16:42:01","modified_gmt":"2023-12-05T15:42:01","slug":"programa-de-radio-sobre-el-25n","status":"publish","type":"post","link":"https:\/\/blogsaverroes.juntadeandalucia.es\/igualmentevicente\/2023\/12\/05\/programa-de-radio-sobre-el-25n\/","title":{"rendered":"Programa de radio sobre el 25N"},"content":{"rendered":"<p>El alumnado de sexto curso de primaria ha elaborado un guion para la realizaci\u00f3n de un programa especial sobre el 25-N, D\u00eda contra la Violencia de G\u00e9nero. En \u00e9l abordan el origen y la fundamentaci\u00f3n de la fecha del 25 de noviembre con datos y cifras interesantes. Adem\u00e1s entrevistan a la maestra Ana sobre la cuesti\u00f3n.<br \/>\n<iframe loading=\"lazy\" src=\"https:\/\/www.youtube.com\/embed\/zWlSXtpIk_8?si=VuJPa6wn3lwZoYYu\" width=\"560\" height=\"315\" frameborder=\"0\"><\/iframe><br \/>\n&nbsp;<\/p>\n","protected":false},"excerpt":{"rendered":"<p>El alumnado de sexto curso de primaria ha elaborado un guion para la realizaci\u00f3n de un programa especial sobre el 25-N, D\u00eda contra la Violencia de G\u00e9nero. En \u00e9l abordan el origen y la&#46;&#46;&#46;<\/p>\n","protected":false},"author":8121,"featured_media":0,"comment_status":"open","ping_status":"open","sticky":false,"template":"","format":"standard","meta":{"ngg_post_thumbnail":0,"footnotes":""},"categories":[37698,37696],"tags":[],"aioseo_notices":[],"_links":{"self":[{"href":"https:\/\/blogsaverroes.juntadeandalucia.es\/igualmentevicente\/wp-json\/wp\/v2\/posts\/75"}],"collection":[{"href":"https:\/\/blogsaverroes.juntadeandalucia.es\/igualmentevicente\/wp-json\/wp\/v2\/posts"}],"about":[{"href":"https:\/\/blogsaverroes.juntadeandalucia.es\/igualmentevicente\/wp-json\/wp\/v2\/types\/post"}],"author":[{"embeddable":true,"href":"https:\/\/blogsaverroes.juntadeandalucia.es\/igualmentevicente\/wp-json\/wp\/v2\/users\/8121"}],"replies":[{"embeddable":true,"href":"https:\/\/blogsaverroes.juntadeandalucia.es\/igualmentevicente\/wp-json\/wp\/v2\/comments?post=75"}],"version-history":[{"count":1,"href":"https:\/\/blogsaverroes.juntadeandalucia.es\/igualmentevicente\/wp-json\/wp\/v2\/posts\/75\/revisions"}],"predecessor-version":[{"id":76,"href":"https:\/\/blogsaverroes.juntadeandalucia.es\/igualmentevicente\/wp-json\/wp\/v2\/posts\/75\/revisions\/76"}],"wp:attachment":[{"href":"https:\/\/blogsaverroes.juntadeandalucia.es\/igualmentevicente\/wp-json\/wp\/v2\/media?parent=75"}],"wp:term":[{"taxonomy":"category","embeddable":true,"href":"https:\/\/blogsaverroes.juntadeandalucia.es\/igualmentevicente\/wp-json\/wp\/v2\/categories?post=75"},{"taxonomy":"post_tag","embeddable":true,"href":"https:\/\/blogsaverroes.juntadeandalucia.es\/igualmentevicente\/wp-json\/wp\/v2\/tags?post=75"}],"curies":[{"name":"wp","href":"https:\/\/api.w.org\/{rel}","templated":true}]}}