{"id":278,"date":"2021-10-13T22:37:18","date_gmt":"2021-10-13T20:37:18","guid":{"rendered":"https:\/\/blogsaverroes.juntadeandalucia.es\/ilustracion\/?p=278"},"modified":"2021-10-13T22:47:02","modified_gmt":"2021-10-13T20:47:02","slug":"lo-de-marcial","status":"publish","type":"post","link":"https:\/\/blogsaverroes.juntadeandalucia.es\/ilustracion\/lo-de-marcial\/","title":{"rendered":"Lo de Marcial"},"content":{"rendered":"\t\t<div data-elementor-type=\"wp-post\" data-elementor-id=\"278\" class=\"elementor elementor-278\">\n\t\t\t\t\t\t<section class=\"elementor-section elementor-top-section elementor-element elementor-element-58f03ca elementor-section-boxed elementor-section-height-default elementor-section-height-default\" data-id=\"58f03ca\" data-element_type=\"section\">\n\t\t\t\t\t\t<div class=\"elementor-container elementor-column-gap-default\">\n\t\t\t\t\t<div class=\"elementor-column elementor-col-100 elementor-top-column elementor-element elementor-element-71beeb4\" data-id=\"71beeb4\" data-element_type=\"column\">\n\t\t\t<div class=\"elementor-widget-wrap elementor-element-populated\">\n\t\t\t\t\t\t<div class=\"elementor-element elementor-element-3fe7922 elementor-widget elementor-widget-text-editor\" data-id=\"3fe7922\" data-element_type=\"widget\" data-widget_type=\"text-editor.default\">\n\t\t\t\t<div class=\"elementor-widget-container\">\n\t\t\t\t\t\t\t\t\t<p>Comenzamos este segundo curso del <strong>CFGS de Ilustraci\u00f3n<\/strong> con <strong>\u00abLo de Marcial\u00bb<\/strong>, una Unidad Did\u00e1ctica pensada para trabajar la interacci\u00f3n de la narrativa con el encuadre y la angulaci\u00f3n.<\/p><p>Todos\/as hab\u00e9is elegido ya una de las \u00abhistorias\u00bb de Marcial. Cada una tiene un tono diferente y elementos comunes, son estas:<\/p><ol><li>Marcial es un asesino que acaba de matar sin raz\u00f3n alguna a su vecino. Acompa\u00f1ado por sus dos obedientes perros, al atardecer, se ha llevado al campo el cad\u00e1ver envuelto en una alfombra dentro del maletero de su coche. Impasible, ha cavado una fosa sin apenas sudar y, una vez terminada, ha tirado el cuerpo en ella. Antes de echarle tierra por encima, se fuma un cigarrillo observ\u00e1ndolo.<\/li><\/ol><p>\u00a0<\/p><ol start=\"2\"><li>Marcial es un pobre hombre, responsable y bonach\u00f3n, al que dos sicarios han confundido con un contable de la mafia. Lo han secuestrado envolvi\u00e9ndolo en una alfombra y, en el maletero de un coche, se lo han llevado al campo al atardecer. Le han obligado a cavar una fosa. Marcial se teme lo peor. Terminado el agujero, los mira y les suplica tratando de explicar la confusi\u00f3n. Los asesinos le escuchan riendo y fum\u00e1ndose un cigarrillo.<\/li><\/ol><p>\u00a0<\/p><ol start=\"3\"><li>Marcial est\u00e1 lleno de ilusi\u00f3n. Con el inesperado dinero de una herencia va a cumplir uno de sus sue\u00f1os. Se ha comprado cuatrocientas hect\u00e1reas de terreno bald\u00edo para convertirlo en un rico bosque lleno de vida. Lo primero que ha planeado hacer es un pozo para regar los plantones. Pala en mano, se ha ido al campo por la tarde con su mujer, su hija y sus dos perros. Han merendado sobre una alfombra vieja que se han llevado en el maletero del coche. Tras el picnic Marcial se ha puesto a delimitar el terreno y a cavar. Su familia lo observa.<\/li><\/ol><p>\u00a0<\/p><ol start=\"4\"><li>En un precioso atardecer de oto\u00f1o, Marcial est\u00e1 cavando una zanja para canalizar agua de un riachuelo cercano hacia su huerto. Cuando lleva la mitad del recorrido completado, su azad\u00f3n choca contra algo duro que se quiebra bajo el golpe. Extra\u00f1ado, se inclina sobre el hoyo y explora el suelo con sus manos. Su vecino del huerto contiguo lo observa y le pregunta qu\u00e9 ocurre, pero Marcial no responde. Tras un largo silencio vuelve a insistir mientras se acerca, pero tampoco obtiene respuesta. Marcial est\u00e1 paralizado, con la vista clavada en el hoyo, ha soltado el azad\u00f3n y tiene sus manos llenas de tierra sosteni\u00e9ndose la cabeza.<\/li><\/ol><p><strong>ENCARGO<\/strong><\/p><ul><li>Individualmente o en grupo, realiza bocetos fotogr\u00e1ficos de la historia de Marcial elegida (pueden ser\u00a0 im\u00e1genes individuales o la uni\u00f3n de varias im\u00e1genes diferentes -collage-)<\/li><li>A partir del material fotogr\u00e1fico, elabora dos bocetos dibujados con diferentes angulaciones (preferiblemente en A4)<\/li><li>Tras seleccionar el boceto final m\u00e1s adecuado, realiza una ilustraci\u00f3n sobre la historia de Marcial de acuerdo a las caracter\u00edsticas t\u00e9cnicas del encargo.<\/li><\/ul><p><strong>Caracter\u00edsticas t\u00e9cnicas:<\/strong><\/p><ul><li>Tama\u00f1o A3 (ya sea en papel o PDF), color, 1cm. de margen por cada lado.<\/li><li>Arte final con t\u00e9cnica libre.<\/li><li>Encuadre y angulaci\u00f3n adecuado a la narrativa de la historia elegida.<\/li><li>Puesta en com\u00fan de bocetos, descartes y arte final mediante fotos en el Blog personal (im\u00e1genes en .jpg, 1000px ancho y 72ppp)<\/li><\/ul><p>En cada sesi\u00f3n tendremos evaluaciones individuales para ver la evoluci\u00f3n del trabajo. Estoy a vuestra disposici\u00f3n para cualquier duda o pregunta.\u00a0<\/p><p>Un saludo<\/p>\t\t\t\t\t\t\t\t<\/div>\n\t\t\t\t<\/div>\n\t\t\t\t\t<\/div>\n\t\t<\/div>\n\t\t\t\t\t<\/div>\n\t\t<\/section>\n\t\t\t\t<\/div>\n\t\t","protected":false},"excerpt":{"rendered":"<p>Comenzamos este segundo curso del CFGS de Ilustraci\u00f3n con \u00abLo de Marcial\u00bb, una Unidad Did\u00e1ctica pensada para trabajar la interacci\u00f3n de la narrativa con el encuadre y la angulaci\u00f3n. Todos\/as hab\u00e9is elegido ya una de las \u00abhistorias\u00bb de Marcial. Cada una tiene un tono diferente y elementos comunes, son estas: Marcial es un asesino que &hellip; <\/p>\n<p><a class=\"more-link btn\" href=\"https:\/\/blogsaverroes.juntadeandalucia.es\/ilustracion\/lo-de-marcial\/\">Seguir leyendo<\/a><\/p>\n","protected":false},"author":10324,"featured_media":0,"comment_status":"closed","ping_status":"open","sticky":false,"template":"","format":"standard","meta":{"ngg_post_thumbnail":0,"footnotes":""},"categories":[3],"tags":[13,12,14],"aioseo_notices":[],"_links":{"self":[{"href":"https:\/\/blogsaverroes.juntadeandalucia.es\/ilustracion\/wp-json\/wp\/v2\/posts\/278"}],"collection":[{"href":"https:\/\/blogsaverroes.juntadeandalucia.es\/ilustracion\/wp-json\/wp\/v2\/posts"}],"about":[{"href":"https:\/\/blogsaverroes.juntadeandalucia.es\/ilustracion\/wp-json\/wp\/v2\/types\/post"}],"author":[{"embeddable":true,"href":"https:\/\/blogsaverroes.juntadeandalucia.es\/ilustracion\/wp-json\/wp\/v2\/users\/10324"}],"replies":[{"embeddable":true,"href":"https:\/\/blogsaverroes.juntadeandalucia.es\/ilustracion\/wp-json\/wp\/v2\/comments?post=278"}],"version-history":[{"count":3,"href":"https:\/\/blogsaverroes.juntadeandalucia.es\/ilustracion\/wp-json\/wp\/v2\/posts\/278\/revisions"}],"predecessor-version":[{"id":281,"href":"https:\/\/blogsaverroes.juntadeandalucia.es\/ilustracion\/wp-json\/wp\/v2\/posts\/278\/revisions\/281"}],"wp:attachment":[{"href":"https:\/\/blogsaverroes.juntadeandalucia.es\/ilustracion\/wp-json\/wp\/v2\/media?parent=278"}],"wp:term":[{"taxonomy":"category","embeddable":true,"href":"https:\/\/blogsaverroes.juntadeandalucia.es\/ilustracion\/wp-json\/wp\/v2\/categories?post=278"},{"taxonomy":"post_tag","embeddable":true,"href":"https:\/\/blogsaverroes.juntadeandalucia.es\/ilustracion\/wp-json\/wp\/v2\/tags?post=278"}],"curies":[{"name":"wp","href":"https:\/\/api.w.org\/{rel}","templated":true}]}}