{"id":640,"date":"2024-03-29T12:00:23","date_gmt":"2024-03-29T11:00:23","guid":{"rendered":"https:\/\/blogsaverroes.juntadeandalucia.es\/ilustracion\/?p=640"},"modified":"2024-03-29T12:04:23","modified_gmt":"2024-03-29T11:04:23","slug":"carmen-queralt","status":"publish","type":"post","link":"https:\/\/blogsaverroes.juntadeandalucia.es\/ilustracion\/carmen-queralt\/","title":{"rendered":"Carmen Queralt"},"content":{"rendered":"\t\t<div data-elementor-type=\"wp-post\" data-elementor-id=\"640\" class=\"elementor elementor-640\">\n\t\t\t\t\t\t<section class=\"elementor-section elementor-top-section elementor-element elementor-element-28fb60a elementor-section-boxed elementor-section-height-default elementor-section-height-default\" data-id=\"28fb60a\" data-element_type=\"section\">\n\t\t\t\t\t\t<div class=\"elementor-container elementor-column-gap-default\">\n\t\t\t\t\t<div class=\"elementor-column elementor-col-100 elementor-top-column elementor-element elementor-element-2202700\" data-id=\"2202700\" data-element_type=\"column\">\n\t\t\t<div class=\"elementor-widget-wrap elementor-element-populated\">\n\t\t\t\t\t\t<div class=\"elementor-element elementor-element-a5f8215 elementor-widget elementor-widget-text-editor\" data-id=\"a5f8215\" data-element_type=\"widget\" data-widget_type=\"text-editor.default\">\n\t\t\t\t<div class=\"elementor-widget-container\">\n\t\t\t\t\t\t\t\t\t<p>Carmen Queralt Arribas naci\u00f3 en Madrid en 1952. Comenz\u00f3 su trayectoria profesional en el mundo de la ilustraci\u00f3n en los a\u00f1os 90 casi de casualidad, porque un amigo la oblig\u00f3 a que presentara unos trabajos a una editorial. Desde ese momento Carmen Queralt se ha convertido en una de las ilustradoras m\u00e1s importantes de nuestro pa\u00eds. Su trabajo se centra principalmente en el \u00e1mbito infantil. Se form\u00f3 como ilustradora y dise\u00f1adora en la Escuela BAT, donde aprendi\u00f3 dibujo cl\u00e1sico. Ha colaborado con diversas editoriales como freelance para: Santillana, Casals, Baula, Barcanova, Publicacions de l\u00b4Abad\u00eda de Montserrat, Oxford, Lynx, Pearson, Bru\u00f1o, Edelvives,\u2026y con publicaciones especializadas, como la revista Cavall Fort.<br \/>Entre sus trabajos destacan El mundo al que vienes, El monstruo y la bibliotecaria o Mira, mira.<br \/>Carmen Queralt destaca por su t\u00e9cnica de collage a la hora de trabajar. Para ello utiliza texturas, fondos e infinidad de detalles para crear junto al dibujo una<br \/>escena propia.<\/p>\t\t\t\t\t\t\t\t<\/div>\n\t\t\t\t<\/div>\n\t\t\t\t<div class=\"elementor-element elementor-element-88bc37e elementor-widget elementor-widget-image\" data-id=\"88bc37e\" data-element_type=\"widget\" data-widget_type=\"image.default\">\n\t\t\t\t<div class=\"elementor-widget-container\">\n\t\t\t\t\t\t\t\t\t\t\t\t\t\t\t<img fetchpriority=\"high\" decoding=\"async\" width=\"750\" height=\"517\" src=\"https:\/\/blogsaverroes.juntadeandalucia.es\/ilustracion\/files\/2024\/03\/1435-elllargviatge_03-big.jpg\" class=\"attachment-large size-large wp-image-649\" alt=\"\" srcset=\"https:\/\/blogsaverroes.juntadeandalucia.es\/ilustracion\/files\/2024\/03\/1435-elllargviatge_03-big.jpg 787w, https:\/\/blogsaverroes.juntadeandalucia.es\/ilustracion\/files\/2024\/03\/1435-elllargviatge_03-big-300x207.jpg 300w, https:\/\/blogsaverroes.juntadeandalucia.es\/ilustracion\/files\/2024\/03\/1435-elllargviatge_03-big-768x529.jpg 768w\" sizes=\"(max-width: 750px) 100vw, 750px\" \/>\t\t\t\t\t\t\t\t\t\t\t\t\t\t\t<\/div>\n\t\t\t\t<\/div>\n\t\t\t\t<div class=\"elementor-element elementor-element-b94178c elementor-widget elementor-widget-image\" data-id=\"b94178c\" data-element_type=\"widget\" data-widget_type=\"image.default\">\n\t\t\t\t<div class=\"elementor-widget-container\">\n\t\t\t\t\t\t\t\t\t\t\t\t\t\t\t<img decoding=\"async\" width=\"750\" height=\"676\" src=\"https:\/\/blogsaverroes.juntadeandalucia.es\/ilustracion\/files\/2024\/03\/2.jpg\" class=\"attachment-large size-large wp-image-642\" alt=\"\" srcset=\"https:\/\/blogsaverroes.juntadeandalucia.es\/ilustracion\/files\/2024\/03\/2.jpg 827w, https:\/\/blogsaverroes.juntadeandalucia.es\/ilustracion\/files\/2024\/03\/2-300x270.jpg 300w, https:\/\/blogsaverroes.juntadeandalucia.es\/ilustracion\/files\/2024\/03\/2-768x692.jpg 768w\" sizes=\"(max-width: 750px) 100vw, 750px\" \/>\t\t\t\t\t\t\t\t\t\t\t\t\t\t\t<\/div>\n\t\t\t\t<\/div>\n\t\t\t\t<div class=\"elementor-element elementor-element-760552e elementor-widget elementor-widget-image\" data-id=\"760552e\" data-element_type=\"widget\" data-widget_type=\"image.default\">\n\t\t\t\t<div class=\"elementor-widget-container\">\n\t\t\t\t\t\t\t\t\t\t\t\t\t\t\t<img decoding=\"async\" width=\"750\" height=\"656\" src=\"https:\/\/blogsaverroes.juntadeandalucia.es\/ilustracion\/files\/2024\/03\/1.jpg\" class=\"attachment-large size-large wp-image-641\" alt=\"\" srcset=\"https:\/\/blogsaverroes.juntadeandalucia.es\/ilustracion\/files\/2024\/03\/1.jpg 827w, https:\/\/blogsaverroes.juntadeandalucia.es\/ilustracion\/files\/2024\/03\/1-300x262.jpg 300w, https:\/\/blogsaverroes.juntadeandalucia.es\/ilustracion\/files\/2024\/03\/1-768x671.jpg 768w\" sizes=\"(max-width: 750px) 100vw, 750px\" \/>\t\t\t\t\t\t\t\t\t\t\t\t\t\t\t<\/div>\n\t\t\t\t<\/div>\n\t\t\t\t<div class=\"elementor-element elementor-element-946b7d5 elementor-widget elementor-widget-image\" data-id=\"946b7d5\" data-element_type=\"widget\" data-widget_type=\"image.default\">\n\t\t\t\t<div class=\"elementor-widget-container\">\n\t\t\t\t\t\t\t\t\t\t\t\t\t\t\t<img decoding=\"async\" width=\"750\" height=\"676\" src=\"https:\/\/blogsaverroes.juntadeandalucia.es\/ilustracion\/files\/2024\/03\/2.jpg\" class=\"attachment-large size-large wp-image-642\" alt=\"\" srcset=\"https:\/\/blogsaverroes.juntadeandalucia.es\/ilustracion\/files\/2024\/03\/2.jpg 827w, https:\/\/blogsaverroes.juntadeandalucia.es\/ilustracion\/files\/2024\/03\/2-300x270.jpg 300w, https:\/\/blogsaverroes.juntadeandalucia.es\/ilustracion\/files\/2024\/03\/2-768x692.jpg 768w\" sizes=\"(max-width: 750px) 100vw, 750px\" \/>\t\t\t\t\t\t\t\t\t\t\t\t\t\t\t<\/div>\n\t\t\t\t<\/div>\n\t\t\t\t<div class=\"elementor-element elementor-element-21c33a5 elementor-widget elementor-widget-image\" data-id=\"21c33a5\" data-element_type=\"widget\" data-widget_type=\"image.default\">\n\t\t\t\t<div class=\"elementor-widget-container\">\n\t\t\t\t\t\t\t\t\t\t\t\t\t\t\t<img loading=\"lazy\" decoding=\"async\" width=\"750\" height=\"683\" src=\"https:\/\/blogsaverroes.juntadeandalucia.es\/ilustracion\/files\/2024\/03\/3.jpg\" class=\"attachment-large size-large wp-image-643\" alt=\"\" srcset=\"https:\/\/blogsaverroes.juntadeandalucia.es\/ilustracion\/files\/2024\/03\/3.jpg 827w, https:\/\/blogsaverroes.juntadeandalucia.es\/ilustracion\/files\/2024\/03\/3-300x273.jpg 300w, https:\/\/blogsaverroes.juntadeandalucia.es\/ilustracion\/files\/2024\/03\/3-768x699.jpg 768w\" sizes=\"(max-width: 750px) 100vw, 750px\" \/>\t\t\t\t\t\t\t\t\t\t\t\t\t\t\t<\/div>\n\t\t\t\t<\/div>\n\t\t\t\t<div class=\"elementor-element elementor-element-fee5c31 elementor-widget elementor-widget-image\" data-id=\"fee5c31\" data-element_type=\"widget\" data-widget_type=\"image.default\">\n\t\t\t\t<div class=\"elementor-widget-container\">\n\t\t\t\t\t\t\t\t\t\t\t\t\t\t\t<img loading=\"lazy\" decoding=\"async\" width=\"750\" height=\"663\" src=\"https:\/\/blogsaverroes.juntadeandalucia.es\/ilustracion\/files\/2024\/03\/4.jpg\" class=\"attachment-large size-large wp-image-644\" alt=\"\" srcset=\"https:\/\/blogsaverroes.juntadeandalucia.es\/ilustracion\/files\/2024\/03\/4.jpg 827w, https:\/\/blogsaverroes.juntadeandalucia.es\/ilustracion\/files\/2024\/03\/4-300x265.jpg 300w, https:\/\/blogsaverroes.juntadeandalucia.es\/ilustracion\/files\/2024\/03\/4-768x679.jpg 768w\" sizes=\"(max-width: 750px) 100vw, 750px\" \/>\t\t\t\t\t\t\t\t\t\t\t\t\t\t\t<\/div>\n\t\t\t\t<\/div>\n\t\t\t\t<section class=\"elementor-section elementor-inner-section elementor-element elementor-element-6316ba2 elementor-section-boxed elementor-section-height-default elementor-section-height-default\" data-id=\"6316ba2\" data-element_type=\"section\">\n\t\t\t\t\t\t<div class=\"elementor-container elementor-column-gap-default\">\n\t\t\t\t\t<div class=\"elementor-column elementor-col-50 elementor-inner-column elementor-element elementor-element-004d9e0\" data-id=\"004d9e0\" data-element_type=\"column\">\n\t\t\t<div class=\"elementor-widget-wrap elementor-element-populated\">\n\t\t\t\t\t\t<div class=\"elementor-element elementor-element-84fead1 elementor-widget elementor-widget-image\" data-id=\"84fead1\" data-element_type=\"widget\" data-widget_type=\"image.default\">\n\t\t\t\t<div class=\"elementor-widget-container\">\n\t\t\t\t\t\t\t\t\t\t\t\t\t\t\t<img loading=\"lazy\" decoding=\"async\" width=\"750\" height=\"662\" src=\"https:\/\/blogsaverroes.juntadeandalucia.es\/ilustracion\/files\/2024\/03\/6.jpg\" class=\"attachment-large size-large wp-image-646\" alt=\"\" srcset=\"https:\/\/blogsaverroes.juntadeandalucia.es\/ilustracion\/files\/2024\/03\/6.jpg 827w, https:\/\/blogsaverroes.juntadeandalucia.es\/ilustracion\/files\/2024\/03\/6-300x265.jpg 300w, https:\/\/blogsaverroes.juntadeandalucia.es\/ilustracion\/files\/2024\/03\/6-768x678.jpg 768w\" sizes=\"(max-width: 750px) 100vw, 750px\" \/>\t\t\t\t\t\t\t\t\t\t\t\t\t\t\t<\/div>\n\t\t\t\t<\/div>\n\t\t\t\t\t<\/div>\n\t\t<\/div>\n\t\t\t\t<div class=\"elementor-column elementor-col-50 elementor-inner-column elementor-element elementor-element-87f0615\" data-id=\"87f0615\" data-element_type=\"column\">\n\t\t\t<div class=\"elementor-widget-wrap elementor-element-populated\">\n\t\t\t\t\t\t<div class=\"elementor-element elementor-element-c218652 elementor-widget elementor-widget-image\" data-id=\"c218652\" data-element_type=\"widget\" data-widget_type=\"image.default\">\n\t\t\t\t<div class=\"elementor-widget-container\">\n\t\t\t\t\t\t\t\t\t\t\t\t\t\t\t<img loading=\"lazy\" decoding=\"async\" width=\"750\" height=\"661\" src=\"https:\/\/blogsaverroes.juntadeandalucia.es\/ilustracion\/files\/2024\/03\/5.jpg\" class=\"attachment-large size-large wp-image-645\" alt=\"\" srcset=\"https:\/\/blogsaverroes.juntadeandalucia.es\/ilustracion\/files\/2024\/03\/5.jpg 827w, https:\/\/blogsaverroes.juntadeandalucia.es\/ilustracion\/files\/2024\/03\/5-300x264.jpg 300w, https:\/\/blogsaverroes.juntadeandalucia.es\/ilustracion\/files\/2024\/03\/5-768x677.jpg 768w\" sizes=\"(max-width: 750px) 100vw, 750px\" \/>\t\t\t\t\t\t\t\t\t\t\t\t\t\t\t<\/div>\n\t\t\t\t<\/div>\n\t\t\t\t\t<\/div>\n\t\t<\/div>\n\t\t\t\t\t<\/div>\n\t\t<\/section>\n\t\t\t\t\t<\/div>\n\t\t<\/div>\n\t\t\t\t\t<\/div>\n\t\t<\/section>\n\t\t\t\t<section class=\"elementor-section elementor-top-section elementor-element elementor-element-5f557fc elementor-section-boxed elementor-section-height-default elementor-section-height-default\" data-id=\"5f557fc\" data-element_type=\"section\">\n\t\t\t\t\t\t<div class=\"elementor-container elementor-column-gap-default\">\n\t\t\t\t\t<div class=\"elementor-column elementor-col-100 elementor-top-column elementor-element elementor-element-11860d3\" data-id=\"11860d3\" data-element_type=\"column\">\n\t\t\t<div class=\"elementor-widget-wrap elementor-element-populated\">\n\t\t\t\t\t\t<div class=\"elementor-element elementor-element-d837ac1 elementor-widget elementor-widget-image\" data-id=\"d837ac1\" data-element_type=\"widget\" data-widget_type=\"image.default\">\n\t\t\t\t<div class=\"elementor-widget-container\">\n\t\t\t\t\t\t\t\t\t\t\t\t\t\t\t<img loading=\"lazy\" decoding=\"async\" width=\"750\" height=\"336\" src=\"https:\/\/blogsaverroes.juntadeandalucia.es\/ilustracion\/files\/2024\/03\/el-mundo-al-que-vienes3.jpg\" class=\"attachment-large size-large wp-image-657\" alt=\"\" srcset=\"https:\/\/blogsaverroes.juntadeandalucia.es\/ilustracion\/files\/2024\/03\/el-mundo-al-que-vienes3.jpg 852w, https:\/\/blogsaverroes.juntadeandalucia.es\/ilustracion\/files\/2024\/03\/el-mundo-al-que-vienes3-300x135.jpg 300w, https:\/\/blogsaverroes.juntadeandalucia.es\/ilustracion\/files\/2024\/03\/el-mundo-al-que-vienes3-768x344.jpg 768w\" sizes=\"(max-width: 750px) 100vw, 750px\" \/>\t\t\t\t\t\t\t\t\t\t\t\t\t\t\t<\/div>\n\t\t\t\t<\/div>\n\t\t\t\t<div class=\"elementor-element elementor-element-243dd4e elementor-widget elementor-widget-image\" data-id=\"243dd4e\" data-element_type=\"widget\" data-widget_type=\"image.default\">\n\t\t\t\t<div class=\"elementor-widget-container\">\n\t\t\t\t\t\t\t\t\t\t\t\t\t\t\t<img loading=\"lazy\" decoding=\"async\" width=\"750\" height=\"560\" src=\"https:\/\/blogsaverroes.juntadeandalucia.es\/ilustracion\/files\/2024\/03\/caremn-queralt-1024x765.jpeg\" class=\"attachment-large size-large wp-image-650\" alt=\"\" srcset=\"https:\/\/blogsaverroes.juntadeandalucia.es\/ilustracion\/files\/2024\/03\/caremn-queralt-1024x765.jpeg 1024w, https:\/\/blogsaverroes.juntadeandalucia.es\/ilustracion\/files\/2024\/03\/caremn-queralt-300x224.jpeg 300w, https:\/\/blogsaverroes.juntadeandalucia.es\/ilustracion\/files\/2024\/03\/caremn-queralt-768x574.jpeg 768w, https:\/\/blogsaverroes.juntadeandalucia.es\/ilustracion\/files\/2024\/03\/caremn-queralt.jpeg 1501w\" sizes=\"(max-width: 750px) 100vw, 750px\" \/>\t\t\t\t\t\t\t\t\t\t\t\t\t\t\t<\/div>\n\t\t\t\t<\/div>\n\t\t\t\t\t<\/div>\n\t\t<\/div>\n\t\t\t\t\t<\/div>\n\t\t<\/section>\n\t\t\t\t<\/div>\n\t\t","protected":false},"excerpt":{"rendered":"<p>Carmen Queralt Arribas naci\u00f3 en Madrid en 1952. Comenz\u00f3 su trayectoria profesional en el mundo de la ilustraci\u00f3n en los a\u00f1os 90 casi de casualidad, porque un amigo la oblig\u00f3 a que presentara unos trabajos a una editorial. Desde ese momento Carmen Queralt se ha convertido en una de las ilustradoras m\u00e1s importantes de nuestro &hellip; <\/p>\n<p><a class=\"more-link btn\" href=\"https:\/\/blogsaverroes.juntadeandalucia.es\/ilustracion\/carmen-queralt\/\">Seguir leyendo<\/a><\/p>\n","protected":false},"author":10324,"featured_media":0,"comment_status":"closed","ping_status":"open","sticky":false,"template":"","format":"standard","meta":{"ngg_post_thumbnail":0,"footnotes":""},"categories":[3],"tags":[],"aioseo_notices":[],"_links":{"self":[{"href":"https:\/\/blogsaverroes.juntadeandalucia.es\/ilustracion\/wp-json\/wp\/v2\/posts\/640"}],"collection":[{"href":"https:\/\/blogsaverroes.juntadeandalucia.es\/ilustracion\/wp-json\/wp\/v2\/posts"}],"about":[{"href":"https:\/\/blogsaverroes.juntadeandalucia.es\/ilustracion\/wp-json\/wp\/v2\/types\/post"}],"author":[{"embeddable":true,"href":"https:\/\/blogsaverroes.juntadeandalucia.es\/ilustracion\/wp-json\/wp\/v2\/users\/10324"}],"replies":[{"embeddable":true,"href":"https:\/\/blogsaverroes.juntadeandalucia.es\/ilustracion\/wp-json\/wp\/v2\/comments?post=640"}],"version-history":[{"count":3,"href":"https:\/\/blogsaverroes.juntadeandalucia.es\/ilustracion\/wp-json\/wp\/v2\/posts\/640\/revisions"}],"predecessor-version":[{"id":661,"href":"https:\/\/blogsaverroes.juntadeandalucia.es\/ilustracion\/wp-json\/wp\/v2\/posts\/640\/revisions\/661"}],"wp:attachment":[{"href":"https:\/\/blogsaverroes.juntadeandalucia.es\/ilustracion\/wp-json\/wp\/v2\/media?parent=640"}],"wp:term":[{"taxonomy":"category","embeddable":true,"href":"https:\/\/blogsaverroes.juntadeandalucia.es\/ilustracion\/wp-json\/wp\/v2\/categories?post=640"},{"taxonomy":"post_tag","embeddable":true,"href":"https:\/\/blogsaverroes.juntadeandalucia.es\/ilustracion\/wp-json\/wp\/v2\/tags?post=640"}],"curies":[{"name":"wp","href":"https:\/\/api.w.org\/{rel}","templated":true}]}}