{"id":137,"date":"2023-02-02T10:03:01","date_gmt":"2023-02-02T10:03:01","guid":{"rendered":"https:\/\/blogsaverroes.juntadeandalucia.es\/incidenciastic\/?p=137"},"modified":"2023-02-02T18:40:16","modified_gmt":"2023-02-02T18:40:16","slug":"no-funciona-el-sonido","status":"publish","type":"post","link":"https:\/\/blogsaverroes.juntadeandalucia.es\/incidenciastic\/no-funciona-el-sonido\/","title":{"rendered":"NO FUNCIONA EL SONIDO"},"content":{"rendered":"<p>En muchas ocasiones nos avisan que no funciona el sonido de los equipos. La mayor\u00eda de las veces est\u00e1 desenchufado el cable del audio o deshabilitado el volumen.<\/p>\n<p style=\"text-align: center\">Aqu\u00ed os dejamos un mini v\u00eddeo-tutorial muy operativo, de lo que se debe comprobar antes de dar una incidencia (Para ver <a href=\"https:\/\/youtu.be\/1LMIaEn3Zos\">pulsa aqu\u00ed<\/a>).<\/p>\n<p style=\"text-align: center\">\n<iframe loading=\"lazy\" src=\"https:\/\/www.youtube.com\/embed\/1LMIaEn3Zos\" width=\"450\" height=\"253\" frameborder=\"0\"><\/iframe><\/p>\n<p>&nbsp;<\/p>\n","protected":false},"excerpt":{"rendered":"<p>En muchas ocasiones nos avisan que no funciona el sonido de los equipos. La mayor\u00eda de las veces est\u00e1 desenchufado el cable del audio o deshabilitado el volumen. Aqu\u00ed os dejamos un mini v\u00eddeo-tutorial&#46;&#46;&#46;<\/p>\n","protected":false},"author":17332,"featured_media":0,"comment_status":"open","ping_status":"open","sticky":false,"template":"","format":"standard","meta":{"ngg_post_thumbnail":0,"footnotes":""},"categories":[7],"tags":[35,36],"aioseo_notices":[],"_links":{"self":[{"href":"https:\/\/blogsaverroes.juntadeandalucia.es\/incidenciastic\/wp-json\/wp\/v2\/posts\/137"}],"collection":[{"href":"https:\/\/blogsaverroes.juntadeandalucia.es\/incidenciastic\/wp-json\/wp\/v2\/posts"}],"about":[{"href":"https:\/\/blogsaverroes.juntadeandalucia.es\/incidenciastic\/wp-json\/wp\/v2\/types\/post"}],"author":[{"embeddable":true,"href":"https:\/\/blogsaverroes.juntadeandalucia.es\/incidenciastic\/wp-json\/wp\/v2\/users\/17332"}],"replies":[{"embeddable":true,"href":"https:\/\/blogsaverroes.juntadeandalucia.es\/incidenciastic\/wp-json\/wp\/v2\/comments?post=137"}],"version-history":[{"count":4,"href":"https:\/\/blogsaverroes.juntadeandalucia.es\/incidenciastic\/wp-json\/wp\/v2\/posts\/137\/revisions"}],"predecessor-version":[{"id":151,"href":"https:\/\/blogsaverroes.juntadeandalucia.es\/incidenciastic\/wp-json\/wp\/v2\/posts\/137\/revisions\/151"}],"wp:attachment":[{"href":"https:\/\/blogsaverroes.juntadeandalucia.es\/incidenciastic\/wp-json\/wp\/v2\/media?parent=137"}],"wp:term":[{"taxonomy":"category","embeddable":true,"href":"https:\/\/blogsaverroes.juntadeandalucia.es\/incidenciastic\/wp-json\/wp\/v2\/categories?post=137"},{"taxonomy":"post_tag","embeddable":true,"href":"https:\/\/blogsaverroes.juntadeandalucia.es\/incidenciastic\/wp-json\/wp\/v2\/tags?post=137"}],"curies":[{"name":"wp","href":"https:\/\/api.w.org\/{rel}","templated":true}]}}