{"id":189,"date":"2023-02-07T12:30:22","date_gmt":"2023-02-07T12:30:22","guid":{"rendered":"https:\/\/blogsaverroes.juntadeandalucia.es\/incidenciastic\/?p=189"},"modified":"2023-02-07T12:30:22","modified_gmt":"2023-02-07T12:30:22","slug":"como-conectarse-a-una-sesion-en-linea-desde-el-aula-virtual-del-profesorado","status":"publish","type":"post","link":"https:\/\/blogsaverroes.juntadeandalucia.es\/incidenciastic\/como-conectarse-a-una-sesion-en-linea-desde-el-aula-virtual-del-profesorado\/","title":{"rendered":"C\u00f3mo conectarse a una sesi\u00f3n en l\u00ednea desde el Aula Virtual del Profesorado"},"content":{"rendered":"<p style=\"text-align: justify\">Las sesiones en l\u00ednea que suelen realizarse como complemento a las formaciones que se desarrollan en el Aula Virtual del Profesorado est\u00e1n disponibles en la Sala de Videoconferencias que hay en cada uno de los cursos. En dicha sala tenemos disponibles los enlaces de las sesiones que se vayan a desarrollar, as\u00ed como las grabaciones de las sesiones anteriores.<\/p>\n<p><iframe loading=\"lazy\" src=\"\/\/www.youtube.com\/embed\/VupOlj3b9k8\" width=\"560\" height=\"315\" frameborder=\"0\"><\/iframe><\/p>\n<p>V\u00eddeo realizado por el equipo de Asesores T\u00e9cnicos Docentes de C\u00f3rdoba (Marcos Monje L\u00f3pez y Paqui Carmona Luna).<\/p>\n","protected":false},"excerpt":{"rendered":"<p>Las sesiones en l\u00ednea que suelen realizarse como complemento a las formaciones que se desarrollan en el Aula Virtual del Profesorado est\u00e1n disponibles en la Sala de Videoconferencias que hay en cada uno de&#46;&#46;&#46;<\/p>\n","protected":false},"author":13495,"featured_media":0,"comment_status":"open","ping_status":"open","sticky":false,"template":"","format":"standard","meta":{"ngg_post_thumbnail":0,"footnotes":""},"categories":[8],"tags":[39,42,41,24,43],"aioseo_notices":[],"_links":{"self":[{"href":"https:\/\/blogsaverroes.juntadeandalucia.es\/incidenciastic\/wp-json\/wp\/v2\/posts\/189"}],"collection":[{"href":"https:\/\/blogsaverroes.juntadeandalucia.es\/incidenciastic\/wp-json\/wp\/v2\/posts"}],"about":[{"href":"https:\/\/blogsaverroes.juntadeandalucia.es\/incidenciastic\/wp-json\/wp\/v2\/types\/post"}],"author":[{"embeddable":true,"href":"https:\/\/blogsaverroes.juntadeandalucia.es\/incidenciastic\/wp-json\/wp\/v2\/users\/13495"}],"replies":[{"embeddable":true,"href":"https:\/\/blogsaverroes.juntadeandalucia.es\/incidenciastic\/wp-json\/wp\/v2\/comments?post=189"}],"version-history":[{"count":2,"href":"https:\/\/blogsaverroes.juntadeandalucia.es\/incidenciastic\/wp-json\/wp\/v2\/posts\/189\/revisions"}],"predecessor-version":[{"id":191,"href":"https:\/\/blogsaverroes.juntadeandalucia.es\/incidenciastic\/wp-json\/wp\/v2\/posts\/189\/revisions\/191"}],"wp:attachment":[{"href":"https:\/\/blogsaverroes.juntadeandalucia.es\/incidenciastic\/wp-json\/wp\/v2\/media?parent=189"}],"wp:term":[{"taxonomy":"category","embeddable":true,"href":"https:\/\/blogsaverroes.juntadeandalucia.es\/incidenciastic\/wp-json\/wp\/v2\/categories?post=189"},{"taxonomy":"post_tag","embeddable":true,"href":"https:\/\/blogsaverroes.juntadeandalucia.es\/incidenciastic\/wp-json\/wp\/v2\/tags?post=189"}],"curies":[{"name":"wp","href":"https:\/\/api.w.org\/{rel}","templated":true}]}}