{"id":204,"date":"2024-04-10T17:54:47","date_gmt":"2024-04-10T17:54:47","guid":{"rendered":"https:\/\/blogsaverroes.juntadeandalucia.es\/indice\/?p=204"},"modified":"2024-04-29T18:30:53","modified_gmt":"2024-04-29T18:30:53","slug":"ensenanzas","status":"publish","type":"post","link":"https:\/\/blogsaverroes.juntadeandalucia.es\/indice\/2024\/04\/10\/ensenanzas\/","title":{"rendered":"Ense\u00f1anza"},"content":{"rendered":"<p>&nbsp;<\/p>\n<blockquote>\n<p style=\"text-align: center\"><a href=\"https:\/\/blogsaverroes.juntadeandalucia.es\/indice\/files\/2024\/04\/ef98fbf21e6f2ac928c2e381c51ff164000057.jpg\"><img loading=\"lazy\" decoding=\"async\" class=\"alignnone wp-image-330\" src=\"https:\/\/blogsaverroes.juntadeandalucia.es\/indice\/files\/2024\/04\/ef98fbf21e6f2ac928c2e381c51ff164000057-300x200.jpg\" alt=\"\" width=\"317\" height=\"211\" srcset=\"https:\/\/blogsaverroes.juntadeandalucia.es\/indice\/files\/2024\/04\/ef98fbf21e6f2ac928c2e381c51ff164000057-300x200.jpg 300w, https:\/\/blogsaverroes.juntadeandalucia.es\/indice\/files\/2024\/04\/ef98fbf21e6f2ac928c2e381c51ff164000057-1024x683.jpg 1024w, https:\/\/blogsaverroes.juntadeandalucia.es\/indice\/files\/2024\/04\/ef98fbf21e6f2ac928c2e381c51ff164000057-768x512.jpg 768w, https:\/\/blogsaverroes.juntadeandalucia.es\/indice\/files\/2024\/04\/ef98fbf21e6f2ac928c2e381c51ff164000057.jpg 1200w\" sizes=\"(max-width: 317px) 100vw, 317px\" \/><\/a><\/p>\n<p style=\"text-align: center\"><span style=\"font-size: 12pt;font-family: 'book antiqua', palatino, serif\">El primer ciclo de Educaci\u00f3n infantil contribuye al desarrollo equilibrado de las capacidades afectivas, motrices, cognitivas y de comunicaci\u00f3n y lenguaje de los ni\u00f1os y ni\u00f1as desde el nacimiento hasta los 3 a\u00f1os de edad.<\/span><\/p>\n<p>&nbsp;<\/p>\n<p><span style=\"font-family: 'book antiqua', palatino, serif;font-size: 12pt;text-align: center\">La Educaci\u00f3n Infantil ayudar\u00e1 de forma decisiva al desarrollo y aprendizaje de los ni\u00f1os y las ni\u00f1as desde los primeros a\u00f1os de su vida. Desarrollar\u00e1 las capacidades y competencias necesarias para su integraci\u00f3n activa en la sociedad y posibilitar\u00e1 aprendizajes relevantes en continua interacci\u00f3n con el medio f\u00edsico, natural, social y cultural a trav\u00e9s de la utilizaci\u00f3n de diversos lenguajes.<\/span><\/p><\/blockquote>\n<p style=\"text-align: center\"><span style=\"font-size: 12pt;font-family: 'book antiqua', palatino, serif\">La incorporaci\u00f3n a la escuela infantil de las ni\u00f1as y los ni\u00f1os en estas edades va a suponer entrar en contacto con una realidad cada vez m\u00e1s amplia y diversa, multiplic\u00e1ndose las oportunidades de interaccionar con lo que les rodea. Las distintas situaciones vividas y las m\u00faltiples experiencias que la escuela les procura, les&nbsp; permitir\u00e1 tomar conciencia del medio en el que transcurre nuestra vida y <\/span><span style=\"font-size: 12pt;font-family: 'book antiqua', palatino, serif\">formamos parte.<\/span><\/p>\n<p style=\"text-align: center\"><span style=\"font-size: 12pt;font-family: 'book antiqua', palatino, serif\">Este primer ciclo de Educaci\u00f3n Infantil se imparte en escuelas infantiles&nbsp; autorizadas por la administraci\u00f3n educativa, garantizando progresivamente la existencia de puestos escolares para atender a la creciente demanda de las familias.<\/span><\/p>\n<p>Enlaces de inter\u00e9s:<\/p>\n<ul>\n<li><span style=\"font-family: 'book antiqua', palatino, serif\"><span style=\"color: #ff99cc\"><strong>Legislaci\u00f3n educativa<\/strong>:<\/span> <a href=\"https:\/\/www.boe.es\/boe\/dias\/2010\/03\/12\/pdfs\/BOE-A-2010-4132.pdf\">https:\/\/www.boe.es\/boe\/dias\/2010\/03\/12\/pdfs\/BOE-A-2010-4132.pdf<\/a><\/span><\/li>\n<li><span style=\"font-family: 'book antiqua', palatino, serif\"><span style=\"color: #ff9900\"><strong>Curr\u00edculo de Educaci\u00f3n Infantil<\/strong><\/span>: <a href=\"https:\/\/www.boe.es\/boe\/dias\/2022\/01\/26\/pdfs\/BOE-A-2022-1214.pdf\">https:\/\/www.boe.es\/boe\/dias\/2022\/01\/26\/pdfs\/BOE-A-2022-1214.pdf<\/a><\/span><\/li>\n<li><span style=\"font-family: 'book antiqua', palatino, serif\"><span style=\"color: #993366\"><strong><span style=\"color: #339966\">Inclusi\u00f3n educativa<\/span>:<\/strong> <\/span><a href=\"https:\/\/www.juntadeandalucia.es\/educacion\/portals\/delegate\/content\/b5acbfb5-26ff-444e-ae00-5f1630a92a2e\/Resolucio%CC%81n%20Educaci%C3%B3n%20Inclusiva\">https:\/\/www.juntadeandalucia.es\/educacion\/portals\/delegate\/content\/b5acbfb5-26ff-444e-ae00-5f1630a92a2e\/Resolucio%CC%81n%20Educaci%C3%B3n%20Inclusiva<\/a><\/span><\/li>\n<li><span style=\"color: #00ccff\"><strong><span style=\"font-family: 'book antiqua', palatino, serif;font-size: 12pt\">Curr\u00edculo correspondiente a la etapa de Educaci\u00f3n Infantil en la Comunidad Aut\u00f3noma de Andaluc\u00eda:<\/span><\/strong><\/span><span style=\"font-family: 'book antiqua', palatino, serif;font-size: 12pt\"> <a href=\"https:\/\/www.juntadeandalucia.es\/boja\/2023\/104\/38\">https:\/\/www.juntadeandalucia.es\/boja\/2023\/104\/38<\/a><\/span><\/li>\n<\/ul>\n","protected":false},"excerpt":{"rendered":"<p>&nbsp; El primer ciclo de Educaci\u00f3n infantil contribuye al desarrollo equilibrado de las capacidades afectivas, motrices, cognitivas y de comunicaci\u00f3n y lenguaje de los ni\u00f1os y ni\u00f1as desde el nacimiento hasta los 3 a\u00f1os&#46;&#46;&#46;<\/p>\n","protected":false},"author":19491,"featured_media":0,"comment_status":"open","ping_status":"open","sticky":false,"template":"","format":"standard","meta":{"ngg_post_thumbnail":0,"footnotes":""},"categories":[16],"tags":[],"aioseo_notices":[],"_links":{"self":[{"href":"https:\/\/blogsaverroes.juntadeandalucia.es\/indice\/wp-json\/wp\/v2\/posts\/204"}],"collection":[{"href":"https:\/\/blogsaverroes.juntadeandalucia.es\/indice\/wp-json\/wp\/v2\/posts"}],"about":[{"href":"https:\/\/blogsaverroes.juntadeandalucia.es\/indice\/wp-json\/wp\/v2\/types\/post"}],"author":[{"embeddable":true,"href":"https:\/\/blogsaverroes.juntadeandalucia.es\/indice\/wp-json\/wp\/v2\/users\/19491"}],"replies":[{"embeddable":true,"href":"https:\/\/blogsaverroes.juntadeandalucia.es\/indice\/wp-json\/wp\/v2\/comments?post=204"}],"version-history":[{"count":12,"href":"https:\/\/blogsaverroes.juntadeandalucia.es\/indice\/wp-json\/wp\/v2\/posts\/204\/revisions"}],"predecessor-version":[{"id":333,"href":"https:\/\/blogsaverroes.juntadeandalucia.es\/indice\/wp-json\/wp\/v2\/posts\/204\/revisions\/333"}],"wp:attachment":[{"href":"https:\/\/blogsaverroes.juntadeandalucia.es\/indice\/wp-json\/wp\/v2\/media?parent=204"}],"wp:term":[{"taxonomy":"category","embeddable":true,"href":"https:\/\/blogsaverroes.juntadeandalucia.es\/indice\/wp-json\/wp\/v2\/categories?post=204"},{"taxonomy":"post_tag","embeddable":true,"href":"https:\/\/blogsaverroes.juntadeandalucia.es\/indice\/wp-json\/wp\/v2\/tags?post=204"}],"curies":[{"name":"wp","href":"https:\/\/api.w.org\/{rel}","templated":true}]}}