{"id":252,"date":"2021-03-11T19:31:08","date_gmt":"2021-03-11T19:31:08","guid":{"rendered":"https:\/\/blogsaverroes.juntadeandalucia.es\/infantilnaranjo\/?p=252"},"modified":"2021-03-15T18:43:13","modified_gmt":"2021-03-15T18:43:13","slug":"la-brecha-de-suenos","status":"publish","type":"post","link":"https:\/\/blogsaverroes.juntadeandalucia.es\/infantilnaranjo\/2021\/03\/11\/la-brecha-de-suenos\/","title":{"rendered":"LA BRECHA DE SUE\u00d1OS"},"content":{"rendered":"<h4>En nuestro ciclo,&nbsp; el 8 de Marzo se ha trabajado en clase utilizando distintos recursos como cuentos,&nbsp; v\u00eddeos, conversaciones , dibujos&#8230; Agradecemos la aportaci\u00f3n realizada por nuestra delegada de curso en 5 a\u00f1os, y os la compartimos.<\/h4>\n<h4><a href=\"https:\/\/drive.google.com\/file\/d\/1hxLYmaiohu2_rSmP_mCimS8sSa44nCW1\/view?usp=sharing\"><img loading=\"lazy\" decoding=\"async\" class=\"size-medium wp-image-253 aligncenter\" src=\"https:\/\/blogsaverroes.juntadeandalucia.es\/infantilnaranjo\/files\/2021\/03\/Sin-ti\u0301tulo-3-300x183.jpg\" alt=\"\" width=\"300\" height=\"183\" srcset=\"https:\/\/blogsaverroes.juntadeandalucia.es\/infantilnaranjo\/files\/2021\/03\/Sin-ti\u0301tulo-3-300x183.jpg 300w, https:\/\/blogsaverroes.juntadeandalucia.es\/infantilnaranjo\/files\/2021\/03\/Sin-ti\u0301tulo-3.jpg 651w\" sizes=\"(max-width: 300px) 100vw, 300px\" \/><\/a><\/h4>\n","protected":false},"excerpt":{"rendered":"<p>En nuestro ciclo,&nbsp; el 8 de Marzo se ha trabajado en clase utilizando distintos recursos como cuentos,&nbsp; v\u00eddeos, conversaciones , dibujos&#8230; Agradecemos la aportaci\u00f3n realizada por nuestra delegada de curso en 5 a\u00f1os, y os la compartimos.<\/p>\n","protected":false},"author":6681,"featured_media":0,"comment_status":"open","ping_status":"open","sticky":false,"template":"","format":"standard","meta":{"ngg_post_thumbnail":0,"footnotes":""},"categories":[9,61],"tags":[],"aioseo_notices":[],"_links":{"self":[{"href":"https:\/\/blogsaverroes.juntadeandalucia.es\/infantilnaranjo\/wp-json\/wp\/v2\/posts\/252"}],"collection":[{"href":"https:\/\/blogsaverroes.juntadeandalucia.es\/infantilnaranjo\/wp-json\/wp\/v2\/posts"}],"about":[{"href":"https:\/\/blogsaverroes.juntadeandalucia.es\/infantilnaranjo\/wp-json\/wp\/v2\/types\/post"}],"author":[{"embeddable":true,"href":"https:\/\/blogsaverroes.juntadeandalucia.es\/infantilnaranjo\/wp-json\/wp\/v2\/users\/6681"}],"replies":[{"embeddable":true,"href":"https:\/\/blogsaverroes.juntadeandalucia.es\/infantilnaranjo\/wp-json\/wp\/v2\/comments?post=252"}],"version-history":[{"count":3,"href":"https:\/\/blogsaverroes.juntadeandalucia.es\/infantilnaranjo\/wp-json\/wp\/v2\/posts\/252\/revisions"}],"predecessor-version":[{"id":256,"href":"https:\/\/blogsaverroes.juntadeandalucia.es\/infantilnaranjo\/wp-json\/wp\/v2\/posts\/252\/revisions\/256"}],"wp:attachment":[{"href":"https:\/\/blogsaverroes.juntadeandalucia.es\/infantilnaranjo\/wp-json\/wp\/v2\/media?parent=252"}],"wp:term":[{"taxonomy":"category","embeddable":true,"href":"https:\/\/blogsaverroes.juntadeandalucia.es\/infantilnaranjo\/wp-json\/wp\/v2\/categories?post=252"},{"taxonomy":"post_tag","embeddable":true,"href":"https:\/\/blogsaverroes.juntadeandalucia.es\/infantilnaranjo\/wp-json\/wp\/v2\/tags?post=252"}],"curies":[{"name":"wp","href":"https:\/\/api.w.org\/{rel}","templated":true}]}}