{"id":502,"date":"2021-09-02T16:31:14","date_gmt":"2021-09-02T16:31:14","guid":{"rendered":"https:\/\/blogsaverroes.juntadeandalucia.es\/inkludita\/?p=502"},"modified":"2021-09-02T16:31:14","modified_gmt":"2021-09-02T16:31:14","slug":"becas-neae-2021","status":"publish","type":"post","link":"https:\/\/blogsaverroes.juntadeandalucia.es\/inkludita\/2021\/09\/02\/becas-neae-2021\/","title":{"rendered":"Becas NEAE 2021"},"content":{"rendered":"<p><img loading=\"lazy\" decoding=\"async\" class=\"wp-image-503 aligncenter\" src=\"https:\/\/blogsaverroes.juntadeandalucia.es\/inkludita\/files\/2021\/09\/NEAE-300x244.png\" alt=\"\" width=\"502\" height=\"408\" srcset=\"https:\/\/blogsaverroes.juntadeandalucia.es\/inkludita\/files\/2021\/09\/NEAE-300x244.png 300w, https:\/\/blogsaverroes.juntadeandalucia.es\/inkludita\/files\/2021\/09\/NEAE.png 738w\" sizes=\"(max-width: 502px) 100vw, 502px\" \/><\/p>\n<p style=\"text-align: center\"><strong>Solicitud<\/strong>: 03\/08\/2020 hasta 30\/09\/2020.<\/p>\n<p style=\"text-align: center\"><strong>M\u00e1s informaci\u00f3n<\/strong> y lugar de solicitud: <a href=\"https:\/\/www.educacionyfp.gob.es\/servicios-al-ciudadano\/catalogo\/estudiantes\/becas-ayudas\/para-estudiar\/artisticas\/necesidad-especifica-apoyo-educativo.html\">aqu\u00ed<\/a>.<\/p>\n","protected":false},"excerpt":{"rendered":"<p>Solicitud: 03\/08\/2020 hasta 30\/09\/2020. M\u00e1s informaci\u00f3n y lugar de solicitud: aqu\u00ed.<\/p>\n","protected":false},"author":11559,"featured_media":503,"comment_status":"open","ping_status":"open","sticky":false,"template":"","format":"standard","meta":{"ngg_post_thumbnail":0,"footnotes":""},"categories":[12],"tags":[],"aioseo_notices":[],"post_mailing_queue_ids":[],"_links":{"self":[{"href":"https:\/\/blogsaverroes.juntadeandalucia.es\/inkludita\/wp-json\/wp\/v2\/posts\/502"}],"collection":[{"href":"https:\/\/blogsaverroes.juntadeandalucia.es\/inkludita\/wp-json\/wp\/v2\/posts"}],"about":[{"href":"https:\/\/blogsaverroes.juntadeandalucia.es\/inkludita\/wp-json\/wp\/v2\/types\/post"}],"author":[{"embeddable":true,"href":"https:\/\/blogsaverroes.juntadeandalucia.es\/inkludita\/wp-json\/wp\/v2\/users\/11559"}],"replies":[{"embeddable":true,"href":"https:\/\/blogsaverroes.juntadeandalucia.es\/inkludita\/wp-json\/wp\/v2\/comments?post=502"}],"version-history":[{"count":1,"href":"https:\/\/blogsaverroes.juntadeandalucia.es\/inkludita\/wp-json\/wp\/v2\/posts\/502\/revisions"}],"predecessor-version":[{"id":504,"href":"https:\/\/blogsaverroes.juntadeandalucia.es\/inkludita\/wp-json\/wp\/v2\/posts\/502\/revisions\/504"}],"wp:featuredmedia":[{"embeddable":true,"href":"https:\/\/blogsaverroes.juntadeandalucia.es\/inkludita\/wp-json\/wp\/v2\/media\/503"}],"wp:attachment":[{"href":"https:\/\/blogsaverroes.juntadeandalucia.es\/inkludita\/wp-json\/wp\/v2\/media?parent=502"}],"wp:term":[{"taxonomy":"category","embeddable":true,"href":"https:\/\/blogsaverroes.juntadeandalucia.es\/inkludita\/wp-json\/wp\/v2\/categories?post=502"},{"taxonomy":"post_tag","embeddable":true,"href":"https:\/\/blogsaverroes.juntadeandalucia.es\/inkludita\/wp-json\/wp\/v2\/tags?post=502"}],"curies":[{"name":"wp","href":"https:\/\/api.w.org\/{rel}","templated":true}]}}