{"id":30,"date":"2022-02-01T09:02:04","date_gmt":"2022-02-01T09:02:04","guid":{"rendered":"https:\/\/blogsaverroes.juntadeandalucia.es\/inniciadiegodesiloe\/?p=30"},"modified":"2022-02-01T09:05:10","modified_gmt":"2022-02-01T09:05:10","slug":"y-ahora-que-hago-con-mi-vida","status":"publish","type":"post","link":"https:\/\/blogsaverroes.juntadeandalucia.es\/inniciadiegodesiloe\/2022\/02\/01\/y-ahora-que-hago-con-mi-vida\/","title":{"rendered":"\u00bfY AHORA QUE HAGO CON MI VIDA?"},"content":{"rendered":"<p>Este es el art\u00edculo que ha sido publicado en Diario Ideal y que han escrito los profesores del Departamento de Administrativo Tamara Morilla y Vicente Mellado.<\/p>\n<div class=\"article-content clearfix\">\n<div class=\"entry-content clearfix\">\n<p>Este podr\u00eda ser el t\u00edtulo de una comedia espa\u00f1ola, pero nada m\u00e1s lejos de la realidad, ya que es la pel\u00edcula de terror a la que se enfrenta nuestro alumnado a las edades de 15 y 16 a\u00f1os. En esta etapa tan temprana deben tomar la decisi\u00f3n que les marcar\u00e1 el devenir el resto de sus vidas.<span id=\"more-59021\"><\/span><\/p>\n<p>Por tanto, llegados los 15-16 a\u00f1os, llega el gran dilema \u00bfBachillerato o Formaci\u00f3n Profesional?, pero aqu\u00ed no acaba, pasados 2 a\u00f1os, ya con 17-18 a\u00f1os se nos plantea otra elecci\u00f3n, en este caso \u00bfGrado o Formaci\u00f3n Profesional? Hace unas d\u00e9cadas estaba clara la elecci\u00f3n, Bachillerato y Grado (Diplomatura o Licenciatura), en la actualidad han cambiado las tornas, se ha producido un auge de la Formaci\u00f3n Profesional, de hecho, seg\u00fan el \u00faltimo informe del Observatorio de las Ocupaciones del SEPE (Servicio P\u00fablico de Empleo Estatal), la tasa de empleabilidad de la Formaci\u00f3n Profesional a d\u00eda de hoy supera largamente a la Universidad. As\u00ed es, cada vez son m\u00e1s las personas que deciden escoger alguna rama dentro de la gran variedad que ofrecen estos estudios. \u00bfPor qu\u00e9? La respuesta es clara, se ha producido un cambio socio-econ\u00f3mico, donde la formaci\u00f3n cont\u00ednua y pr\u00e1ctica toman terreno.<\/p>\n<p>Y no olvidamos a aquellas personas que tras a\u00f1os de estar fuera del sistema educativo vuelven a las aulas para cursar un ciclo de Formaci\u00f3n Profesional. Buscando nuevas oportunidades ya que no hay ning\u00fan tipo de duda en la necesidad constante de formaci\u00f3n, todas las personas tenemos que adquirir conocimientos en el d\u00eda a d\u00eda, es un proceso permanente y si no lo haces te quedas a la cola en un mundo tan competitivo en el que nos movemos.<\/p>\n<p>Los centros en los que trabajamos el profesorado de Formaci\u00f3n Profesional, pretendemos dar respuesta a esas necesidades, mejorando la empleabilidad de nuestros j\u00f3venes prepar\u00e1ndolos para su futuro laboral al que tendr\u00e1n que hacer frente en un corto o medio plazo.<\/p>\n<p><img loading=\"lazy\" decoding=\"async\" class=\"aligncenter size-full wp-image-59022\" src=\"https:\/\/static-ms.ideal.es\/wp-content\/uploads\/sites\/17\/2022\/01\/IES-Diego-de-Siloe_Illora-2.jpg\" alt=\"\" width=\"650\" height=\"406\"><\/p>\n<p>Si sumamos a los miedos anteriores, la despoblaci\u00f3n, menor oferta de servicios, mayores tasas de desempleo, la situaci\u00f3n se complica. Esta es la realidad de las zonas rurales. Por lo que centros como el nuestro, en \u00cdllora, el IES Diego de Silo\u00e9, donde se imparten ciclos de la rama de Administraci\u00f3n y Gesti\u00f3n, una de las ramas profesionales con mayor tasa de inserci\u00f3n laboral, as\u00ed como los ciclos de Transporte y Mantenimiento de Veh\u00edculos, jugando ambos un papel importante en el sostenimiento de estas zonas, dando nuevas posibilidades a los j\u00f3venes que no quieren verse abocados a abandonar sus pueblos.<\/p>\n<p>Quiz\u00e1s de esta forma, estemos abriendo una ventana de oportunidades a nuestros alumnos y alumnas, que se encuentran en esa dif\u00edcil decisi\u00f3n. Pero, \u00bfc\u00f3mo lo hacemos? Nuestra visi\u00f3n de la ense\u00f1anza es la de ayudarles a emprender, y no entendiendo el emprendimiento como la manera de crear empresas, no, nuestro alumnado emprende en cada momento que toma sus decisiones y que se forma. Potenciamos el desarrollar esas Soft Skills (empat\u00eda, asertividad, escucha activa, comunicaci\u00f3n, proactividad, versatilidad, y as\u00ed hasta un sinf\u00edn de cualidades b\u00e1sicas en el emprendimiento) con las que se construyen como personas abiertas y resilientes que se enfrentan a un mercado laboral en continuo cambio.<\/p>\n<p>No nos podemos olvidar de agentes fundamentales para desarrollar nuestros ciclos formativos. La colaboraci\u00f3n con las entidades p\u00fablicas y privadas como los Ayuntamientos, C\u00e1maras de Comercio, asociaciones y las empresas de estas zonas, hacen que se genere un ecosistema del que debemos aprovechar las sinergias que se puedan producir.<\/p>\n<p>Por lo que, debemos ser capaces de dejar a un lado las pel\u00edculas de terror y conseguir una pel\u00edcula de aventuras, con final feliz, alta formaci\u00f3n, emprendimiento y capacitaci\u00f3n para lograr los objetivos.<\/p>\n<p>&nbsp;<\/p>\n<div class=\"addtoany_share_save_container addtoany_content addtoany_content_bottom\">\n<div class=\"addtoany_header\">Compartir:<\/div>\n<\/div>\n<\/div>\n<\/div>\n","protected":false},"excerpt":{"rendered":"<p>Este es el art\u00edculo que ha sido publicado en Diario Ideal y que han escrito los profesores del Departamento de Administrativo Tamara Morilla y Vicente Mellado. Este podr\u00eda ser el t\u00edtulo de una comedia&#46;&#46;&#46;<\/p>\n","protected":false},"author":11672,"featured_media":31,"comment_status":"open","ping_status":"open","sticky":false,"template":"","format":"standard","meta":{"ngg_post_thumbnail":0,"footnotes":""},"categories":[1],"tags":[],"aioseo_notices":[],"_links":{"self":[{"href":"https:\/\/blogsaverroes.juntadeandalucia.es\/inniciadiegodesiloe\/wp-json\/wp\/v2\/posts\/30"}],"collection":[{"href":"https:\/\/blogsaverroes.juntadeandalucia.es\/inniciadiegodesiloe\/wp-json\/wp\/v2\/posts"}],"about":[{"href":"https:\/\/blogsaverroes.juntadeandalucia.es\/inniciadiegodesiloe\/wp-json\/wp\/v2\/types\/post"}],"author":[{"embeddable":true,"href":"https:\/\/blogsaverroes.juntadeandalucia.es\/inniciadiegodesiloe\/wp-json\/wp\/v2\/users\/11672"}],"replies":[{"embeddable":true,"href":"https:\/\/blogsaverroes.juntadeandalucia.es\/inniciadiegodesiloe\/wp-json\/wp\/v2\/comments?post=30"}],"version-history":[{"count":5,"href":"https:\/\/blogsaverroes.juntadeandalucia.es\/inniciadiegodesiloe\/wp-json\/wp\/v2\/posts\/30\/revisions"}],"predecessor-version":[{"id":36,"href":"https:\/\/blogsaverroes.juntadeandalucia.es\/inniciadiegodesiloe\/wp-json\/wp\/v2\/posts\/30\/revisions\/36"}],"wp:featuredmedia":[{"embeddable":true,"href":"https:\/\/blogsaverroes.juntadeandalucia.es\/inniciadiegodesiloe\/wp-json\/wp\/v2\/media\/31"}],"wp:attachment":[{"href":"https:\/\/blogsaverroes.juntadeandalucia.es\/inniciadiegodesiloe\/wp-json\/wp\/v2\/media?parent=30"}],"wp:term":[{"taxonomy":"category","embeddable":true,"href":"https:\/\/blogsaverroes.juntadeandalucia.es\/inniciadiegodesiloe\/wp-json\/wp\/v2\/categories?post=30"},{"taxonomy":"post_tag","embeddable":true,"href":"https:\/\/blogsaverroes.juntadeandalucia.es\/inniciadiegodesiloe\/wp-json\/wp\/v2\/tags?post=30"}],"curies":[{"name":"wp","href":"https:\/\/api.w.org\/{rel}","templated":true}]}}