{"id":93,"date":"2022-06-10T06:45:23","date_gmt":"2022-06-10T06:45:23","guid":{"rendered":"https:\/\/blogsaverroes.juntadeandalucia.es\/inniciadiegodesiloe\/?p=93"},"modified":"2022-06-10T06:54:10","modified_gmt":"2022-06-10T06:54:10","slug":"i-jornadas-del-aceite-de-oliva-en-el-poniente-granadino","status":"publish","type":"post","link":"https:\/\/blogsaverroes.juntadeandalucia.es\/inniciadiegodesiloe\/2022\/06\/10\/i-jornadas-del-aceite-de-oliva-en-el-poniente-granadino\/","title":{"rendered":"I JORNADAS DEL ACEITE DE OLIVA EN EL PONIENTE GRANADINO"},"content":{"rendered":"<p>Con la colaboraci\u00f3n del Ayuntamiento de \u00cdllora, el d\u00eda 09 de Junio se celebraron en el Castillo de \u00cdllora, las I Jornadas del Aceite de Oliva en el Poniente Granadino, en el que participaron diversas empresas ole\u00edcolas&nbsp; y en las que se puso en valor el desarrollo agr\u00edcola de la zona y en la que los invitados departieron sus impresiones en una mesa redonda.<\/p>\n","protected":false},"excerpt":{"rendered":"<p>Con la colaboraci\u00f3n del Ayuntamiento de \u00cdllora, el d\u00eda 09 de Junio se celebraron en el Castillo de \u00cdllora, las I Jornadas del Aceite de Oliva en el Poniente Granadino, en el que participaron&#46;&#46;&#46;<\/p>\n","protected":false},"author":11672,"featured_media":94,"comment_status":"open","ping_status":"open","sticky":false,"template":"","format":"standard","meta":{"ngg_post_thumbnail":0,"footnotes":""},"categories":[1],"tags":[],"aioseo_notices":[],"_links":{"self":[{"href":"https:\/\/blogsaverroes.juntadeandalucia.es\/inniciadiegodesiloe\/wp-json\/wp\/v2\/posts\/93"}],"collection":[{"href":"https:\/\/blogsaverroes.juntadeandalucia.es\/inniciadiegodesiloe\/wp-json\/wp\/v2\/posts"}],"about":[{"href":"https:\/\/blogsaverroes.juntadeandalucia.es\/inniciadiegodesiloe\/wp-json\/wp\/v2\/types\/post"}],"author":[{"embeddable":true,"href":"https:\/\/blogsaverroes.juntadeandalucia.es\/inniciadiegodesiloe\/wp-json\/wp\/v2\/users\/11672"}],"replies":[{"embeddable":true,"href":"https:\/\/blogsaverroes.juntadeandalucia.es\/inniciadiegodesiloe\/wp-json\/wp\/v2\/comments?post=93"}],"version-history":[{"count":3,"href":"https:\/\/blogsaverroes.juntadeandalucia.es\/inniciadiegodesiloe\/wp-json\/wp\/v2\/posts\/93\/revisions"}],"predecessor-version":[{"id":98,"href":"https:\/\/blogsaverroes.juntadeandalucia.es\/inniciadiegodesiloe\/wp-json\/wp\/v2\/posts\/93\/revisions\/98"}],"wp:featuredmedia":[{"embeddable":true,"href":"https:\/\/blogsaverroes.juntadeandalucia.es\/inniciadiegodesiloe\/wp-json\/wp\/v2\/media\/94"}],"wp:attachment":[{"href":"https:\/\/blogsaverroes.juntadeandalucia.es\/inniciadiegodesiloe\/wp-json\/wp\/v2\/media?parent=93"}],"wp:term":[{"taxonomy":"category","embeddable":true,"href":"https:\/\/blogsaverroes.juntadeandalucia.es\/inniciadiegodesiloe\/wp-json\/wp\/v2\/categories?post=93"},{"taxonomy":"post_tag","embeddable":true,"href":"https:\/\/blogsaverroes.juntadeandalucia.es\/inniciadiegodesiloe\/wp-json\/wp\/v2\/tags?post=93"}],"curies":[{"name":"wp","href":"https:\/\/api.w.org\/{rel}","templated":true}]}}