{"id":102,"date":"2022-05-12T18:04:31","date_gmt":"2022-05-12T18:04:31","guid":{"rendered":"https:\/\/blogsaverroes.juntadeandalucia.es\/inniciaiespdelaguila\/?p=102"},"modified":"2022-06-16T18:12:21","modified_gmt":"2022-06-16T18:12:21","slug":"actitud-emprendedora-desde-el-plan-de-accion-tutorial","status":"publish","type":"post","link":"https:\/\/blogsaverroes.juntadeandalucia.es\/inniciaiespdelaguila\/2022\/05\/12\/actitud-emprendedora-desde-el-plan-de-accion-tutorial\/","title":{"rendered":"Actitud emprendedora desde el Plan de Acci\u00f3n tutorial"},"content":{"rendered":"\t\t<div data-elementor-type=\"wp-post\" data-elementor-id=\"102\" class=\"elementor elementor-102\">\n\t\t\t\t\t\t<section class=\"elementor-section elementor-top-section elementor-element elementor-element-5e1bfbdd elementor-section-boxed elementor-section-height-default elementor-section-height-default\" data-id=\"5e1bfbdd\" data-element_type=\"section\">\n\t\t\t\t\t\t<div class=\"elementor-container elementor-column-gap-default\">\n\t\t\t\t\t<div class=\"elementor-column elementor-col-100 elementor-top-column elementor-element elementor-element-76d8e9d4\" data-id=\"76d8e9d4\" data-element_type=\"column\">\n\t\t\t<div class=\"elementor-widget-wrap elementor-element-populated\">\n\t\t\t\t\t\t<div class=\"elementor-element elementor-element-14d58f58 elementor-widget elementor-widget-text-editor\" data-id=\"14d58f58\" data-element_type=\"widget\" data-widget_type=\"text-editor.default\">\n\t\t\t\t<div class=\"elementor-widget-container\">\n\t\t\t\t\t\t\t\t\t<p style=\"text-align: justify\">El Diccionario de la Real Academia de la Lengua define <strong>EMPRENDER<\/strong> como:<\/p>\r\n<p class=\"n2\" style=\"text-align: justify\">Del&nbsp;<abbr title=\"lat\u00edn\">lat.<\/abbr>&nbsp;<em>in<\/em>&nbsp;&#8216;en&#8217; y&nbsp;<em>prend\u0115re<\/em>&nbsp;&#8216;coger&#8217;.<\/p>\r\n\r\n<ol style=\"text-align: justify\">\r\n \t<li>tr. A<strong>cometer y comenzar una obra, un negocio, un empe\u00f1o, especialmente si encierran dificultad o peligro<\/strong>.<\/li>\r\n \t<li>tr. desus. Prender fuego. Era u. t. c. prnl.<\/li>\r\n<\/ol>\r\n<p style=\"text-align: justify\">&nbsp;<\/p>\r\n<p style=\"text-align: justify\">Y desde esta definici\u00f3n consideramos que <em>no hace falta esperar a que nuestro alumnado est\u00e9 en un ambiente laboral para que pueda emprender, y que adem\u00e1s, emprender es mucho m\u00e1s que crear una empresa como aut\u00f3nomo o emprendedor.<\/em>&nbsp;<\/p>\r\n<p style=\"text-align: justify\">Por eso, desde la hora de tutor\u00eda hemos incorporado sesiones para trabajar todas las capacidades que necesita nuestro alumnado para desarrollar esa actitud emprendedora y esa habilidad emprendedora:&nbsp;<\/p>\r\n\r\n<ul style=\"text-align: justify\">\r\n \t<li>Comunicaci\u00f3n.<\/li>\r\n \t<li>Trabajo en equipo.<\/li>\r\n \t<li>Liderazgo.<\/li>\r\n \t<li>Iniciativa.<\/li>\r\n \t<li>Creatividad.<\/li>\r\n \t<li>Eficacia en el uso del tiempo.<\/li>\r\n \t<li>Efectividad en el trabajo.<\/li>\r\n \t<li>Eficiencia en el uso de recursos.<\/li>\r\n \t<li>Razonamiento.<\/li>\r\n \t<li>Toma de decisiones.<\/li>\r\n \t<li>Planificaci\u00f3n y organizaci\u00f3n.<\/li>\r\n<\/ul>\r\n<p style=\"text-align: justify\">&nbsp;<\/p>\r\n<p style=\"text-align: justify\">Y el resultado de este trabajo ha sido el que muestras algunas de las fotos que hemos rescatado de estas experiencias:<\/p>\r\n<p style=\"text-align: justify\">&nbsp;<\/p>\r\n<p id=\"6Sp38Fc\" class=\"j\" style=\"text-align: justify\">&nbsp;<\/p>\r\n<p style=\"text-align: justify\">&nbsp;<\/p>\t\t\t\t\t\t\t\t<\/div>\n\t\t\t\t<\/div>\n\t\t\t\t\t<\/div>\n\t\t<\/div>\n\t\t\t\t\t<\/div>\n\t\t<\/section>\n\t\t\t\t<section class=\"elementor-section elementor-top-section elementor-element elementor-element-a1ceb38 elementor-section-boxed elementor-section-height-default elementor-section-height-default\" data-id=\"a1ceb38\" data-element_type=\"section\">\n\t\t\t\t\t\t<div class=\"elementor-container elementor-column-gap-default\">\n\t\t\t\t\t<div class=\"elementor-column elementor-col-100 elementor-top-column elementor-element elementor-element-3c0d320\" data-id=\"3c0d320\" data-element_type=\"column\">\n\t\t\t<div class=\"elementor-widget-wrap elementor-element-populated\">\n\t\t\t\t\t\t<div class=\"elementor-element elementor-element-8f57b82 elementor-arrows-position-inside elementor-pagination-position-outside elementor-widget elementor-widget-image-carousel\" data-id=\"8f57b82\" data-element_type=\"widget\" data-settings=\"{&quot;navigation&quot;:&quot;both&quot;,&quot;autoplay&quot;:&quot;yes&quot;,&quot;pause_on_hover&quot;:&quot;yes&quot;,&quot;pause_on_interaction&quot;:&quot;yes&quot;,&quot;autoplay_speed&quot;:5000,&quot;infinite&quot;:&quot;yes&quot;,&quot;speed&quot;:500}\" data-widget_type=\"image-carousel.default\">\n\t\t\t\t<div class=\"elementor-widget-container\">\n\t\t\t\t\t\t\t<div class=\"elementor-image-carousel-wrapper swiper\" role=\"region\" aria-roledescription=\"carousel\" aria-label=\"Carrusel de im\u00e1genes\" dir=\"ltr\">\n\t\t\t<div class=\"elementor-image-carousel swiper-wrapper\" aria-live=\"off\">\n\t\t\t\t\t\t\t\t<div class=\"swiper-slide\" role=\"group\" aria-roledescription=\"slide\" aria-label=\"1 de 9\"><figure class=\"swiper-slide-inner\"><img decoding=\"async\" class=\"swiper-slide-image\" src=\"https:\/\/blogsaverroes.juntadeandalucia.es\/inniciaiespdelaguila\/files\/2022\/05\/IMG20220517085140-150x150.jpg\" alt=\"IMG20220517085140\" \/><\/figure><\/div><div class=\"swiper-slide\" role=\"group\" aria-roledescription=\"slide\" aria-label=\"2 de 9\"><figure class=\"swiper-slide-inner\"><img decoding=\"async\" class=\"swiper-slide-image\" src=\"https:\/\/blogsaverroes.juntadeandalucia.es\/inniciaiespdelaguila\/files\/2022\/05\/IMG20220517085150-150x150.jpg\" alt=\"IMG20220517085150\" \/><\/figure><\/div><div class=\"swiper-slide\" role=\"group\" aria-roledescription=\"slide\" aria-label=\"3 de 9\"><figure class=\"swiper-slide-inner\"><img decoding=\"async\" class=\"swiper-slide-image\" src=\"https:\/\/blogsaverroes.juntadeandalucia.es\/inniciaiespdelaguila\/files\/2022\/05\/IMG20220517085406-150x150.jpg\" alt=\"IMG20220517085406\" \/><\/figure><\/div><div class=\"swiper-slide\" role=\"group\" aria-roledescription=\"slide\" aria-label=\"4 de 9\"><figure class=\"swiper-slide-inner\"><img decoding=\"async\" class=\"swiper-slide-image\" src=\"https:\/\/blogsaverroes.juntadeandalucia.es\/inniciaiespdelaguila\/files\/2022\/05\/IMG20220517085448-150x150.jpg\" alt=\"IMG20220517085448\" \/><\/figure><\/div><div class=\"swiper-slide\" role=\"group\" aria-roledescription=\"slide\" aria-label=\"5 de 9\"><figure class=\"swiper-slide-inner\"><img decoding=\"async\" class=\"swiper-slide-image\" src=\"https:\/\/blogsaverroes.juntadeandalucia.es\/inniciaiespdelaguila\/files\/2022\/05\/IMG20220602124149-150x150.jpg\" alt=\"IMG20220602124149\" \/><\/figure><\/div><div class=\"swiper-slide\" role=\"group\" aria-roledescription=\"slide\" aria-label=\"6 de 9\"><figure class=\"swiper-slide-inner\"><img decoding=\"async\" class=\"swiper-slide-image\" src=\"https:\/\/blogsaverroes.juntadeandalucia.es\/inniciaiespdelaguila\/files\/2022\/05\/IMG20220602124158-150x150.jpg\" alt=\"IMG20220602124158\" \/><\/figure><\/div><div class=\"swiper-slide\" role=\"group\" aria-roledescription=\"slide\" aria-label=\"7 de 9\"><figure class=\"swiper-slide-inner\"><img decoding=\"async\" class=\"swiper-slide-image\" src=\"https:\/\/blogsaverroes.juntadeandalucia.es\/inniciaiespdelaguila\/files\/2022\/05\/IMG20220602124217-150x150.jpg\" alt=\"IMG20220602124217\" \/><\/figure><\/div><div class=\"swiper-slide\" role=\"group\" aria-roledescription=\"slide\" aria-label=\"8 de 9\"><figure class=\"swiper-slide-inner\"><img decoding=\"async\" class=\"swiper-slide-image\" src=\"https:\/\/blogsaverroes.juntadeandalucia.es\/inniciaiespdelaguila\/files\/2022\/05\/IMG20220602124226-150x150.jpg\" alt=\"IMG20220602124226\" \/><\/figure><\/div><div class=\"swiper-slide\" role=\"group\" aria-roledescription=\"slide\" aria-label=\"9 de 9\"><figure class=\"swiper-slide-inner\"><img decoding=\"async\" class=\"swiper-slide-image\" src=\"https:\/\/blogsaverroes.juntadeandalucia.es\/inniciaiespdelaguila\/files\/2022\/05\/IMG20220602124305-150x150.jpg\" alt=\"IMG20220602124305\" \/><\/figure><\/div>\t\t\t<\/div>\n\t\t\t\t\t\t\t\t\t\t\t\t<div class=\"elementor-swiper-button elementor-swiper-button-prev\" role=\"button\" tabindex=\"0\">\n\t\t\t\t\t\t<i aria-hidden=\"true\" class=\"eicon-chevron-left\"><\/i>\t\t\t\t\t<\/div>\n\t\t\t\t\t<div class=\"elementor-swiper-button elementor-swiper-button-next\" role=\"button\" tabindex=\"0\">\n\t\t\t\t\t\t<i aria-hidden=\"true\" class=\"eicon-chevron-right\"><\/i>\t\t\t\t\t<\/div>\n\t\t\t\t\n\t\t\t\t\t\t\t\t\t<div class=\"swiper-pagination\"><\/div>\n\t\t\t\t\t\t\t\t\t<\/div>\n\t\t\t\t\t\t<\/div>\n\t\t\t\t<\/div>\n\t\t\t\t\t<\/div>\n\t\t<\/div>\n\t\t\t\t\t<\/div>\n\t\t<\/section>\n\t\t\t\t<\/div>\n\t\t","protected":false},"excerpt":{"rendered":"<p>El Diccionario de la Real Academia de la Lengua define EMPRENDER como: Del&nbsp;lat.&nbsp;in&nbsp;&#8216;en&#8217; y&nbsp;prend\u0115re&nbsp;&#8216;coger&#8217;. tr. Acometer y comenzar una obra, un negocio, un empe\u00f1o, especialmente si encierran dificultad o peligro. tr. desus. Prender fuego.&#46;&#46;&#46;<\/p>\n","protected":false},"author":14047,"featured_media":172,"comment_status":"open","ping_status":"open","sticky":false,"template":"","format":"standard","meta":{"ngg_post_thumbnail":0,"footnotes":""},"categories":[1],"tags":[],"aioseo_notices":[],"_links":{"self":[{"href":"https:\/\/blogsaverroes.juntadeandalucia.es\/inniciaiespdelaguila\/wp-json\/wp\/v2\/posts\/102"}],"collection":[{"href":"https:\/\/blogsaverroes.juntadeandalucia.es\/inniciaiespdelaguila\/wp-json\/wp\/v2\/posts"}],"about":[{"href":"https:\/\/blogsaverroes.juntadeandalucia.es\/inniciaiespdelaguila\/wp-json\/wp\/v2\/types\/post"}],"author":[{"embeddable":true,"href":"https:\/\/blogsaverroes.juntadeandalucia.es\/inniciaiespdelaguila\/wp-json\/wp\/v2\/users\/14047"}],"replies":[{"embeddable":true,"href":"https:\/\/blogsaverroes.juntadeandalucia.es\/inniciaiespdelaguila\/wp-json\/wp\/v2\/comments?post=102"}],"version-history":[{"count":6,"href":"https:\/\/blogsaverroes.juntadeandalucia.es\/inniciaiespdelaguila\/wp-json\/wp\/v2\/posts\/102\/revisions"}],"predecessor-version":[{"id":528,"href":"https:\/\/blogsaverroes.juntadeandalucia.es\/inniciaiespdelaguila\/wp-json\/wp\/v2\/posts\/102\/revisions\/528"}],"wp:featuredmedia":[{"embeddable":true,"href":"https:\/\/blogsaverroes.juntadeandalucia.es\/inniciaiespdelaguila\/wp-json\/wp\/v2\/media\/172"}],"wp:attachment":[{"href":"https:\/\/blogsaverroes.juntadeandalucia.es\/inniciaiespdelaguila\/wp-json\/wp\/v2\/media?parent=102"}],"wp:term":[{"taxonomy":"category","embeddable":true,"href":"https:\/\/blogsaverroes.juntadeandalucia.es\/inniciaiespdelaguila\/wp-json\/wp\/v2\/categories?post=102"},{"taxonomy":"post_tag","embeddable":true,"href":"https:\/\/blogsaverroes.juntadeandalucia.es\/inniciaiespdelaguila\/wp-json\/wp\/v2\/tags?post=102"}],"curies":[{"name":"wp","href":"https:\/\/api.w.org\/{rel}","templated":true}]}}