{"id":145,"date":"2022-05-25T19:11:36","date_gmt":"2022-05-25T19:11:36","guid":{"rendered":"https:\/\/blogsaverroes.juntadeandalucia.es\/inniciaiespdelaguila\/?p=145"},"modified":"2022-06-16T17:38:04","modified_gmt":"2022-06-16T17:38:04","slug":"desarrollo-de-la-solidaridad-y-problematica-social-actividad-3-aprendizaje-por-servicios-gymcana-con-aprompsi","status":"publish","type":"post","link":"https:\/\/blogsaverroes.juntadeandalucia.es\/inniciaiespdelaguila\/2022\/05\/25\/desarrollo-de-la-solidaridad-y-problematica-social-actividad-3-aprendizaje-por-servicios-gymcana-con-aprompsi\/","title":{"rendered":"Desarrollo de la solidaridad y problem\u00e1tica social. Actividad 3: Aprendizaje por servicios Gymcana con Aprompsi"},"content":{"rendered":"\t\t<div data-elementor-type=\"wp-post\" data-elementor-id=\"145\" class=\"elementor elementor-145\">\n\t\t\t\t\t\t<section class=\"elementor-section elementor-top-section elementor-element elementor-element-71cbf21e elementor-section-boxed elementor-section-height-default elementor-section-height-default\" data-id=\"71cbf21e\" data-element_type=\"section\">\n\t\t\t\t\t\t<div class=\"elementor-container elementor-column-gap-default\">\n\t\t\t\t\t<div class=\"elementor-column elementor-col-100 elementor-top-column elementor-element elementor-element-75e6619e\" data-id=\"75e6619e\" data-element_type=\"column\">\n\t\t\t<div class=\"elementor-widget-wrap elementor-element-populated\">\n\t\t\t\t\t\t<div class=\"elementor-element elementor-element-1e81daa3 elementor-widget elementor-widget-text-editor\" data-id=\"1e81daa3\" data-element_type=\"widget\" data-widget_type=\"text-editor.default\">\n\t\t\t\t<div class=\"elementor-widget-container\">\n\t\t\t\t\t\t\t\t\t<p style=\"text-align: justify\">El d\u00eda 3 de Diciembre es una efem\u00e9ride important\u00edsima en el IES Pe\u00f1a del \u00c1guila porque celebramos que nuestra sociedad es capaz de valorar la DIVERSIDAD FUNCIONAL.<\/p>\r\n<p style=\"text-align: justify\">Por eso, organizamos una actividad para convivir con personas con discapacidad y aprender desde la convivencia c\u00f3mo compensan las dificultades que tienen con otras capacidad que les ayudan a superarse d\u00eda a d\u00eda.<\/p>\r\n<p style=\"text-align: justify\">En Diciembre hubo un repunte en Mancha Real del COVID por lo que tuvimos que aplazar esta gran actividad a mayo, cuando ha bajado el peligro y la convivencia puede ser m\u00e1s cercana.<\/p>\r\n<p style=\"text-align: justify\">El alumnado de 2\u00ba ESO ha preparado una gymcana al usuarios del Centro Especial de Empleo de Aprompsi de Mancha Real y se encargan de la acogida y bienestar de los invitados durante toda la gymcana.<\/p>\r\n<p style=\"text-align: justify\">Desde luego, ha sido una experiencia inolvidable en este curso 2021 &#8211; 2022:<\/p>\r\n<p style=\"text-align: justify\">&nbsp;<\/p>\t\t\t\t\t\t\t\t<\/div>\n\t\t\t\t<\/div>\n\t\t\t\t\t<\/div>\n\t\t<\/div>\n\t\t\t\t\t<\/div>\n\t\t<\/section>\n\t\t\t\t<section class=\"elementor-section elementor-top-section elementor-element elementor-element-560b64c elementor-section-boxed elementor-section-height-default elementor-section-height-default\" data-id=\"560b64c\" data-element_type=\"section\">\n\t\t\t\t\t\t<div class=\"elementor-container elementor-column-gap-default\">\n\t\t\t\t\t<div class=\"elementor-column elementor-col-100 elementor-top-column elementor-element elementor-element-cf09930\" data-id=\"cf09930\" data-element_type=\"column\">\n\t\t\t<div class=\"elementor-widget-wrap elementor-element-populated\">\n\t\t\t\t\t\t<div class=\"elementor-element elementor-element-0f245f2 elementor-arrows-position-inside elementor-pagination-position-outside elementor-widget elementor-widget-image-carousel\" data-id=\"0f245f2\" data-element_type=\"widget\" data-settings=\"{&quot;navigation&quot;:&quot;both&quot;,&quot;autoplay&quot;:&quot;yes&quot;,&quot;pause_on_hover&quot;:&quot;yes&quot;,&quot;pause_on_interaction&quot;:&quot;yes&quot;,&quot;autoplay_speed&quot;:5000,&quot;infinite&quot;:&quot;yes&quot;,&quot;speed&quot;:500}\" data-widget_type=\"image-carousel.default\">\n\t\t\t\t<div class=\"elementor-widget-container\">\n\t\t\t\t\t\t\t<div class=\"elementor-image-carousel-wrapper swiper\" role=\"region\" aria-roledescription=\"carousel\" aria-label=\"Carrusel de im\u00e1genes\" dir=\"ltr\">\n\t\t\t<div class=\"elementor-image-carousel swiper-wrapper\" aria-live=\"off\">\n\t\t\t\t\t\t\t\t<div class=\"swiper-slide\" role=\"group\" aria-roledescription=\"slide\" aria-label=\"1 de 4\"><figure class=\"swiper-slide-inner\"><img decoding=\"async\" class=\"swiper-slide-image\" src=\"https:\/\/blogsaverroes.juntadeandalucia.es\/inniciaiespdelaguila\/files\/2022\/05\/Foto-de-Mymi1-1-150x150.jpg\" alt=\"Foto de Mymi(1)\" \/><\/figure><\/div><div class=\"swiper-slide\" role=\"group\" aria-roledescription=\"slide\" aria-label=\"2 de 4\"><figure class=\"swiper-slide-inner\"><img decoding=\"async\" class=\"swiper-slide-image\" src=\"https:\/\/blogsaverroes.juntadeandalucia.es\/inniciaiespdelaguila\/files\/2022\/05\/Foto-de-Mymi2-150x150.jpg\" alt=\"Foto de Mymi(2)\" \/><\/figure><\/div><div class=\"swiper-slide\" role=\"group\" aria-roledescription=\"slide\" aria-label=\"3 de 4\"><figure class=\"swiper-slide-inner\"><img decoding=\"async\" class=\"swiper-slide-image\" src=\"https:\/\/blogsaverroes.juntadeandalucia.es\/inniciaiespdelaguila\/files\/2022\/05\/Foto-de-Mymi3-1-150x150.jpg\" alt=\"Foto de Mymi(3)\" \/><\/figure><\/div><div class=\"swiper-slide\" role=\"group\" aria-roledescription=\"slide\" aria-label=\"4 de 4\"><figure class=\"swiper-slide-inner\"><img decoding=\"async\" class=\"swiper-slide-image\" src=\"https:\/\/blogsaverroes.juntadeandalucia.es\/inniciaiespdelaguila\/files\/2022\/05\/Foto-de-Mymi-1-150x150.jpg\" alt=\"Foto de Mymi\" \/><\/figure><\/div>\t\t\t<\/div>\n\t\t\t\t\t\t\t\t\t\t\t\t<div class=\"elementor-swiper-button elementor-swiper-button-prev\" role=\"button\" tabindex=\"0\">\n\t\t\t\t\t\t<i aria-hidden=\"true\" class=\"eicon-chevron-left\"><\/i>\t\t\t\t\t<\/div>\n\t\t\t\t\t<div class=\"elementor-swiper-button elementor-swiper-button-next\" role=\"button\" tabindex=\"0\">\n\t\t\t\t\t\t<i aria-hidden=\"true\" class=\"eicon-chevron-right\"><\/i>\t\t\t\t\t<\/div>\n\t\t\t\t\n\t\t\t\t\t\t\t\t\t<div class=\"swiper-pagination\"><\/div>\n\t\t\t\t\t\t\t\t\t<\/div>\n\t\t\t\t\t\t<\/div>\n\t\t\t\t<\/div>\n\t\t\t\t\t<\/div>\n\t\t<\/div>\n\t\t\t\t\t<\/div>\n\t\t<\/section>\n\t\t\t\t<\/div>\n\t\t","protected":false},"excerpt":{"rendered":"<p>El d\u00eda 3 de Diciembre es una efem\u00e9ride important\u00edsima en el IES Pe\u00f1a del \u00c1guila porque celebramos que nuestra sociedad es capaz de valorar la DIVERSIDAD FUNCIONAL. Por eso, organizamos una actividad para convivir&#46;&#46;&#46;<\/p>\n","protected":false},"author":14047,"featured_media":169,"comment_status":"open","ping_status":"open","sticky":false,"template":"","format":"standard","meta":{"ngg_post_thumbnail":0,"footnotes":""},"categories":[1],"tags":[],"aioseo_notices":[],"_links":{"self":[{"href":"https:\/\/blogsaverroes.juntadeandalucia.es\/inniciaiespdelaguila\/wp-json\/wp\/v2\/posts\/145"}],"collection":[{"href":"https:\/\/blogsaverroes.juntadeandalucia.es\/inniciaiespdelaguila\/wp-json\/wp\/v2\/posts"}],"about":[{"href":"https:\/\/blogsaverroes.juntadeandalucia.es\/inniciaiespdelaguila\/wp-json\/wp\/v2\/types\/post"}],"author":[{"embeddable":true,"href":"https:\/\/blogsaverroes.juntadeandalucia.es\/inniciaiespdelaguila\/wp-json\/wp\/v2\/users\/14047"}],"replies":[{"embeddable":true,"href":"https:\/\/blogsaverroes.juntadeandalucia.es\/inniciaiespdelaguila\/wp-json\/wp\/v2\/comments?post=145"}],"version-history":[{"count":6,"href":"https:\/\/blogsaverroes.juntadeandalucia.es\/inniciaiespdelaguila\/wp-json\/wp\/v2\/posts\/145\/revisions"}],"predecessor-version":[{"id":403,"href":"https:\/\/blogsaverroes.juntadeandalucia.es\/inniciaiespdelaguila\/wp-json\/wp\/v2\/posts\/145\/revisions\/403"}],"wp:featuredmedia":[{"embeddable":true,"href":"https:\/\/blogsaverroes.juntadeandalucia.es\/inniciaiespdelaguila\/wp-json\/wp\/v2\/media\/169"}],"wp:attachment":[{"href":"https:\/\/blogsaverroes.juntadeandalucia.es\/inniciaiespdelaguila\/wp-json\/wp\/v2\/media?parent=145"}],"wp:term":[{"taxonomy":"category","embeddable":true,"href":"https:\/\/blogsaverroes.juntadeandalucia.es\/inniciaiespdelaguila\/wp-json\/wp\/v2\/categories?post=145"},{"taxonomy":"post_tag","embeddable":true,"href":"https:\/\/blogsaverroes.juntadeandalucia.es\/inniciaiespdelaguila\/wp-json\/wp\/v2\/tags?post=145"}],"curies":[{"name":"wp","href":"https:\/\/api.w.org\/{rel}","templated":true}]}}