{"id":84,"date":"2022-04-26T17:49:25","date_gmt":"2022-04-26T17:49:25","guid":{"rendered":"https:\/\/blogsaverroes.juntadeandalucia.es\/inniciaiespdelaguila\/?p=84"},"modified":"2022-06-16T17:43:43","modified_gmt":"2022-06-16T17:43:43","slug":"lectura-encadenada-aprendizaje-por-servicios-en-el-dia-del-libro","status":"publish","type":"post","link":"https:\/\/blogsaverroes.juntadeandalucia.es\/inniciaiespdelaguila\/2022\/04\/26\/lectura-encadenada-aprendizaje-por-servicios-en-el-dia-del-libro\/","title":{"rendered":"Desarrollo de la solidaridad y la preocupaci\u00f3n por problem\u00e1ticas sociales. Actividad 2: Lectura encadenada: Aprendizaje por servicios en el d\u00eda del Libro"},"content":{"rendered":"\t\t<div data-elementor-type=\"wp-post\" data-elementor-id=\"84\" class=\"elementor elementor-84\">\n\t\t\t\t\t\t<section class=\"elementor-section elementor-top-section elementor-element elementor-element-6bd26561 elementor-section-boxed elementor-section-height-default elementor-section-height-default\" data-id=\"6bd26561\" data-element_type=\"section\">\n\t\t\t\t\t\t<div class=\"elementor-container elementor-column-gap-default\">\n\t\t\t\t\t<div class=\"elementor-column elementor-col-100 elementor-top-column elementor-element elementor-element-a96adbd\" data-id=\"a96adbd\" data-element_type=\"column\">\n\t\t\t<div class=\"elementor-widget-wrap elementor-element-populated\">\n\t\t\t\t\t\t<div class=\"elementor-element elementor-element-6ba13619 elementor-widget elementor-widget-text-editor\" data-id=\"6ba13619\" data-element_type=\"widget\" data-widget_type=\"text-editor.default\">\n\t\t\t\t<div class=\"elementor-widget-container\">\n\t\t\t\t\t\t\t\t\t<p style=\"text-align: justify\">La vivencia de experiencias es una gran estrategia para aprender y mucho m\u00e1s para comprender el mundo, para conocer la utilidad de los aprendizajes acad\u00e9micos en la vida cotidiana, y para entender la dimensi\u00f3n del mundo y sus problemas y podamos posicionarnos frente a ellos.<\/p>\r\nPor ese motivo, quer\u00edamos incorporar al curr\u00edculo una actividad que recogiera todos estos ingredientes para una fecha muy importante en nuestro centro: El d\u00eda del Libro.\r\n\r\n\u00bfY qu\u00e9 fue, entre las muchas actividades que se hicieron para esa efem\u00e9ride, lo que propusimos desde el programa Innicia?\r\n<p style=\"text-align: justify\">El alumnado de 1\u00ba ESO, con objeto de la celebraci\u00f3n del d\u00eda del libro, ha visitado el Centro de D\u00eda de Mancha Real para realizar una actividad con las personas mayores que asisten a ese recursos de la localidad que tanto cuida a las personas que m\u00e1s queremos en nuestras familias y que son m\u00e1s vulnerables: nuestros abuelos y abuelas.<\/p>\r\n<p style=\"text-align: justify\">Previamente a la actividad, hab\u00edamos preparado esta visita, y hab\u00edamos trabajado en grupo varias lecturas cortas que son&nbsp; cuentos con moraleja escritos por Jorge Bucay. Durante varios d\u00edas ensayamos la lectura y as\u00ed, durante la semana del D\u00eda del Libro, nos trasladamos a realizar la actividad.<\/p>\r\n<p style=\"text-align: justify\">En el jard\u00edn que est\u00e1 en frente del Centro de D\u00eda, hicimos varios grupos y los alumnos fueron rotando haciendo su lectura.<\/p>\r\n<p style=\"text-align: justify\">\u00a1Una experiencia inolvidable para todos!<\/p>\r\n<p style=\"text-align: justify\">Las historias que nos contaron los abuelos y abuelas, las sonrisas, e incluso las quejas porque no nos escuchaban, todo fue parte de una hora de clase que, aunque no est\u00e1bamos sentados, con la pizarra digital encendida, los libros abiertos, y la pizarra llena de letras y n\u00fameros, aprendimos lo \u00fatil que es la lectura para que las personas nos comuniquemos.<\/p>\r\n<p style=\"text-align: justify\">Sin lugar a dudas un gran d\u00eda de aprendizajes emocionantes y emocionales.<\/p>\r\n&nbsp;\t\t\t\t\t\t\t\t<\/div>\n\t\t\t\t<\/div>\n\t\t\t\t\t<\/div>\n\t\t<\/div>\n\t\t\t\t\t<\/div>\n\t\t<\/section>\n\t\t\t\t<section class=\"elementor-section elementor-top-section elementor-element elementor-element-c45b0ee elementor-section-boxed elementor-section-height-default elementor-section-height-default\" data-id=\"c45b0ee\" data-element_type=\"section\">\n\t\t\t\t\t\t<div class=\"elementor-container elementor-column-gap-default\">\n\t\t\t\t\t<div class=\"elementor-column elementor-col-100 elementor-top-column elementor-element elementor-element-80fbd1d\" data-id=\"80fbd1d\" data-element_type=\"column\">\n\t\t\t<div class=\"elementor-widget-wrap elementor-element-populated\">\n\t\t\t\t\t\t<div class=\"elementor-element elementor-element-2cbdaed elementor-arrows-position-inside elementor-pagination-position-outside elementor-widget elementor-widget-image-carousel\" data-id=\"2cbdaed\" data-element_type=\"widget\" data-settings=\"{&quot;navigation&quot;:&quot;both&quot;,&quot;autoplay&quot;:&quot;yes&quot;,&quot;pause_on_hover&quot;:&quot;yes&quot;,&quot;pause_on_interaction&quot;:&quot;yes&quot;,&quot;autoplay_speed&quot;:5000,&quot;infinite&quot;:&quot;yes&quot;,&quot;speed&quot;:500}\" data-widget_type=\"image-carousel.default\">\n\t\t\t\t<div class=\"elementor-widget-container\">\n\t\t\t\t\t\t\t<div class=\"elementor-image-carousel-wrapper swiper\" role=\"region\" aria-roledescription=\"carousel\" aria-label=\"Carrusel de im\u00e1genes\" dir=\"ltr\">\n\t\t\t<div class=\"elementor-image-carousel swiper-wrapper\" aria-live=\"off\">\n\t\t\t\t\t\t\t\t<div class=\"swiper-slide\" role=\"group\" aria-roledescription=\"slide\" aria-label=\"1 de 16\"><figure class=\"swiper-slide-inner\"><img decoding=\"async\" class=\"swiper-slide-image\" src=\"https:\/\/blogsaverroes.juntadeandalucia.es\/inniciaiespdelaguila\/files\/2022\/04\/Foto-de-Mymi1-1-150x150.jpg\" alt=\"Foto de Mymi(1)\" \/><\/figure><\/div><div class=\"swiper-slide\" role=\"group\" aria-roledescription=\"slide\" aria-label=\"2 de 16\"><figure class=\"swiper-slide-inner\"><img decoding=\"async\" class=\"swiper-slide-image\" src=\"https:\/\/blogsaverroes.juntadeandalucia.es\/inniciaiespdelaguila\/files\/2022\/04\/Foto-de-Mymi2-150x150.jpg\" alt=\"Foto de Mymi(2)\" \/><\/figure><\/div><div class=\"swiper-slide\" role=\"group\" aria-roledescription=\"slide\" aria-label=\"3 de 16\"><figure class=\"swiper-slide-inner\"><img decoding=\"async\" class=\"swiper-slide-image\" src=\"https:\/\/blogsaverroes.juntadeandalucia.es\/inniciaiespdelaguila\/files\/2022\/04\/Foto-de-Mymi3-150x150.jpg\" alt=\"Foto de Mymi(3)\" \/><\/figure><\/div><div class=\"swiper-slide\" role=\"group\" aria-roledescription=\"slide\" aria-label=\"4 de 16\"><figure class=\"swiper-slide-inner\"><img decoding=\"async\" class=\"swiper-slide-image\" src=\"https:\/\/blogsaverroes.juntadeandalucia.es\/inniciaiespdelaguila\/files\/2022\/04\/Foto-de-Mymi4-150x150.jpg\" alt=\"Foto de Mymi(4)\" \/><\/figure><\/div><div class=\"swiper-slide\" role=\"group\" aria-roledescription=\"slide\" aria-label=\"5 de 16\"><figure class=\"swiper-slide-inner\"><img decoding=\"async\" class=\"swiper-slide-image\" src=\"https:\/\/blogsaverroes.juntadeandalucia.es\/inniciaiespdelaguila\/files\/2022\/04\/Foto-de-Mymi5-150x150.jpg\" alt=\"Foto de Mymi(5)\" \/><\/figure><\/div><div class=\"swiper-slide\" role=\"group\" aria-roledescription=\"slide\" aria-label=\"6 de 16\"><figure class=\"swiper-slide-inner\"><img decoding=\"async\" class=\"swiper-slide-image\" src=\"https:\/\/blogsaverroes.juntadeandalucia.es\/inniciaiespdelaguila\/files\/2022\/04\/Foto-de-Mymi6-150x150.jpg\" alt=\"Foto de Mymi(6)\" \/><\/figure><\/div><div class=\"swiper-slide\" role=\"group\" aria-roledescription=\"slide\" aria-label=\"7 de 16\"><figure class=\"swiper-slide-inner\"><img decoding=\"async\" class=\"swiper-slide-image\" src=\"https:\/\/blogsaverroes.juntadeandalucia.es\/inniciaiespdelaguila\/files\/2022\/04\/Foto-de-Mymi7-150x150.jpg\" alt=\"Foto de Mymi(7)\" \/><\/figure><\/div><div class=\"swiper-slide\" role=\"group\" aria-roledescription=\"slide\" aria-label=\"8 de 16\"><figure class=\"swiper-slide-inner\"><img decoding=\"async\" class=\"swiper-slide-image\" src=\"https:\/\/blogsaverroes.juntadeandalucia.es\/inniciaiespdelaguila\/files\/2022\/04\/Foto-de-Mymi8-150x150.jpg\" alt=\"Foto de Mymi(8)\" \/><\/figure><\/div><div class=\"swiper-slide\" role=\"group\" aria-roledescription=\"slide\" aria-label=\"9 de 16\"><figure class=\"swiper-slide-inner\"><img decoding=\"async\" class=\"swiper-slide-image\" src=\"https:\/\/blogsaverroes.juntadeandalucia.es\/inniciaiespdelaguila\/files\/2022\/04\/Foto-de-Mymi9-1-150x150.jpg\" alt=\"Foto de Mymi(9)\" \/><\/figure><\/div><div class=\"swiper-slide\" role=\"group\" aria-roledescription=\"slide\" aria-label=\"10 de 16\"><figure class=\"swiper-slide-inner\"><img decoding=\"async\" class=\"swiper-slide-image\" src=\"https:\/\/blogsaverroes.juntadeandalucia.es\/inniciaiespdelaguila\/files\/2022\/04\/Foto-de-Mymi10-1-150x150.jpg\" alt=\"Foto de Mymi(10)\" \/><\/figure><\/div><div class=\"swiper-slide\" role=\"group\" aria-roledescription=\"slide\" aria-label=\"11 de 16\"><figure class=\"swiper-slide-inner\"><img decoding=\"async\" class=\"swiper-slide-image\" src=\"https:\/\/blogsaverroes.juntadeandalucia.es\/inniciaiespdelaguila\/files\/2022\/04\/Foto-de-Mymi11-1-150x150.jpg\" alt=\"Foto de Mymi(11)\" \/><\/figure><\/div><div class=\"swiper-slide\" role=\"group\" aria-roledescription=\"slide\" aria-label=\"12 de 16\"><figure class=\"swiper-slide-inner\"><img decoding=\"async\" class=\"swiper-slide-image\" src=\"https:\/\/blogsaverroes.juntadeandalucia.es\/inniciaiespdelaguila\/files\/2022\/04\/Foto-de-Mymi12-1-150x150.jpg\" alt=\"Foto de Mymi(12)\" \/><\/figure><\/div><div class=\"swiper-slide\" role=\"group\" aria-roledescription=\"slide\" aria-label=\"13 de 16\"><figure class=\"swiper-slide-inner\"><img decoding=\"async\" class=\"swiper-slide-image\" src=\"https:\/\/blogsaverroes.juntadeandalucia.es\/inniciaiespdelaguila\/files\/2022\/04\/Foto-de-Mymi13-150x150.jpg\" alt=\"Foto de Mymi(13)\" \/><\/figure><\/div><div class=\"swiper-slide\" role=\"group\" aria-roledescription=\"slide\" aria-label=\"14 de 16\"><figure class=\"swiper-slide-inner\"><img decoding=\"async\" class=\"swiper-slide-image\" src=\"https:\/\/blogsaverroes.juntadeandalucia.es\/inniciaiespdelaguila\/files\/2022\/04\/Foto-de-Mymi14-150x150.jpg\" alt=\"Foto de Mymi(14)\" \/><\/figure><\/div><div class=\"swiper-slide\" role=\"group\" aria-roledescription=\"slide\" aria-label=\"15 de 16\"><figure class=\"swiper-slide-inner\"><img decoding=\"async\" class=\"swiper-slide-image\" src=\"https:\/\/blogsaverroes.juntadeandalucia.es\/inniciaiespdelaguila\/files\/2022\/04\/Foto-de-Mymi15-150x150.jpg\" alt=\"Foto de Mymi(15)\" \/><\/figure><\/div><div class=\"swiper-slide\" role=\"group\" aria-roledescription=\"slide\" aria-label=\"16 de 16\"><figure class=\"swiper-slide-inner\"><img decoding=\"async\" class=\"swiper-slide-image\" src=\"https:\/\/blogsaverroes.juntadeandalucia.es\/inniciaiespdelaguila\/files\/2022\/04\/Foto-de-Mymi-1-150x150.jpg\" alt=\"Foto de Mymi\" \/><\/figure><\/div>\t\t\t<\/div>\n\t\t\t\t\t\t\t\t\t\t\t\t<div class=\"elementor-swiper-button elementor-swiper-button-prev\" role=\"button\" tabindex=\"0\">\n\t\t\t\t\t\t<i aria-hidden=\"true\" class=\"eicon-chevron-left\"><\/i>\t\t\t\t\t<\/div>\n\t\t\t\t\t<div class=\"elementor-swiper-button elementor-swiper-button-next\" role=\"button\" tabindex=\"0\">\n\t\t\t\t\t\t<i aria-hidden=\"true\" class=\"eicon-chevron-right\"><\/i>\t\t\t\t\t<\/div>\n\t\t\t\t\n\t\t\t\t\t\t\t\t\t<div class=\"swiper-pagination\"><\/div>\n\t\t\t\t\t\t\t\t\t<\/div>\n\t\t\t\t\t\t<\/div>\n\t\t\t\t<\/div>\n\t\t\t\t\t<\/div>\n\t\t<\/div>\n\t\t\t\t\t<\/div>\n\t\t<\/section>\n\t\t\t\t<\/div>\n\t\t","protected":false},"excerpt":{"rendered":"<p>La vivencia de experiencias es una gran estrategia para aprender y mucho m\u00e1s para comprender el mundo, para conocer la utilidad de los aprendizajes acad\u00e9micos en la vida cotidiana, y para entender la dimensi\u00f3n&#46;&#46;&#46;<\/p>\n","protected":false},"author":14047,"featured_media":175,"comment_status":"open","ping_status":"open","sticky":false,"template":"","format":"standard","meta":{"ngg_post_thumbnail":0,"footnotes":""},"categories":[1],"tags":[],"aioseo_notices":[],"_links":{"self":[{"href":"https:\/\/blogsaverroes.juntadeandalucia.es\/inniciaiespdelaguila\/wp-json\/wp\/v2\/posts\/84"}],"collection":[{"href":"https:\/\/blogsaverroes.juntadeandalucia.es\/inniciaiespdelaguila\/wp-json\/wp\/v2\/posts"}],"about":[{"href":"https:\/\/blogsaverroes.juntadeandalucia.es\/inniciaiespdelaguila\/wp-json\/wp\/v2\/types\/post"}],"author":[{"embeddable":true,"href":"https:\/\/blogsaverroes.juntadeandalucia.es\/inniciaiespdelaguila\/wp-json\/wp\/v2\/users\/14047"}],"replies":[{"embeddable":true,"href":"https:\/\/blogsaverroes.juntadeandalucia.es\/inniciaiespdelaguila\/wp-json\/wp\/v2\/comments?post=84"}],"version-history":[{"count":9,"href":"https:\/\/blogsaverroes.juntadeandalucia.es\/inniciaiespdelaguila\/wp-json\/wp\/v2\/posts\/84\/revisions"}],"predecessor-version":[{"id":423,"href":"https:\/\/blogsaverroes.juntadeandalucia.es\/inniciaiespdelaguila\/wp-json\/wp\/v2\/posts\/84\/revisions\/423"}],"wp:featuredmedia":[{"embeddable":true,"href":"https:\/\/blogsaverroes.juntadeandalucia.es\/inniciaiespdelaguila\/wp-json\/wp\/v2\/media\/175"}],"wp:attachment":[{"href":"https:\/\/blogsaverroes.juntadeandalucia.es\/inniciaiespdelaguila\/wp-json\/wp\/v2\/media?parent=84"}],"wp:term":[{"taxonomy":"category","embeddable":true,"href":"https:\/\/blogsaverroes.juntadeandalucia.es\/inniciaiespdelaguila\/wp-json\/wp\/v2\/categories?post=84"},{"taxonomy":"post_tag","embeddable":true,"href":"https:\/\/blogsaverroes.juntadeandalucia.es\/inniciaiespdelaguila\/wp-json\/wp\/v2\/tags?post=84"}],"curies":[{"name":"wp","href":"https:\/\/api.w.org\/{rel}","templated":true}]}}