{"id":2185,"date":"2015-06-18T07:09:36","date_gmt":"2015-06-18T07:09:36","guid":{"rendered":"http:\/\/blogsaverroes.juntadeandalucia.es\/temahuemanies\/?p=2185"},"modified":"2022-03-09T11:47:03","modified_gmt":"2022-03-09T11:47:03","slug":"la-filosofia-a-contracorriente","status":"publish","type":"post","link":"https:\/\/blogsaverroes.juntadeandalucia.es\/institutodh\/la-filosofia-a-contracorriente\/","title":{"rendered":"La filosof\u00eda \u201ca contracorriente\u201d"},"content":{"rendered":"<p><img loading=\"lazy\" decoding=\"async\" class=\"aligncenter size-medium wp-image-2187\" src=\"http:\/\/blogsaverroes.juntadeandalucia.es\/temahuemanies\/files\/2015\/06\/filosofia_not-300x200.jpg\" alt=\"filosofia_not\" width=\"300\" height=\"200\" srcset=\"https:\/\/blogsaverroes.juntadeandalucia.es\/institutodh\/files\/2015\/06\/filosofia_not-300x200.jpg 300w, https:\/\/blogsaverroes.juntadeandalucia.es\/institutodh\/files\/2015\/06\/filosofia_not.jpg 400w\" sizes=\"(max-width: 300px) 100vw, 300px\" \/><\/p>\n<h4>La filosof\u00eda \u201ca contracorriente\u201d<\/h4>\n<p>La Sociedad Espa\u00f1ola de Profesores de Filosof\u00eda (<a title=\"Sociedad Espa\u00f1ola de Profesores de Filosof\u00eda\" href=\"http:\/\/sepfi.es\/\" target=\"_blank\" rel=\"noopener noreferrer\">SEPFi<\/a>) en colaboraci\u00f3n con la Comisi\u00f3n de Secundaria de la Red Espa\u00f1ola de Filosof\u00eda (<a title=\"Red Espa\u00f1ola de Filosof\u00eda\" href=\"http:\/\/redfilosofia.es\/\" target=\"_blank\" rel=\"noopener noreferrer\">REF<\/a>), <a title=\"Revista Bajo Palabra\" href=\"http:\/\/www.redjif.org\/bp\/index.php?option=com_content&amp;view=article&amp;id=127:revista-bajo-palabra&amp;catid=52:institucional-revista&amp;Itemid=118\" target=\"_blank\" rel=\"noopener noreferrer\">Bajo Palabra<\/a> (UAM), <a title=\"Asociaci\u00f3n Tales\" href=\"https:\/\/asociaciontales.wordpress.com\/\" target=\"_blank\" rel=\"noopener noreferrer\">Tales<\/a> (UCM) y el <a title=\"Colegio de Licenciados y Doctores de Madrid\" href=\"https:\/\/www.cdlmadrid.org\/cgi-bin\/cdlcdl\/inicio.pl\" target=\"_blank\" rel=\"noopener noreferrer\">Colegio de Licenciados y Doctores de Madrid<\/a> organiza los d\u00edas 4 y 5 de septiembre el encuentro de Profesores de Filosof\u00eda de Ense\u00f1anza Secundaria \u201cLa filosof\u00eda a contracorriente\u201d.<\/p>\n<p>Los cambios impuestos por la reciente reforma educativa hace necesaria una reflexi\u00f3n sobre la tarea en las aulas de los profesores de filosof\u00eda. \u00bfQu\u00e9 Filosof\u00eda se quiere ense\u00f1ar, qu\u00e9 filosof\u00eda se puede ense\u00f1ar? \u00bfEst\u00e1n \u201cpasados de moda\u201d los profesores de Filosof\u00eda?<\/p>\n<p><a href=\"http:\/\/blog.educalab.es\/cniie\/2015\/04\/29\/la-filosofia-a-contracorriente\/\" target=\"_blank\" rel=\"noopener noreferrer\">Para mayor informaci\u00f3n&#8230;<\/a><\/p>\n","protected":false},"excerpt":{"rendered":"<p>La filosof\u00eda \u201ca contracorriente\u201d La Sociedad Espa\u00f1ola de Profesores de Filosof\u00eda (SEPFi) en colaboraci\u00f3n con la Comisi\u00f3n de Secundaria de la Red Espa\u00f1ola de Filosof\u00eda (REF), Bajo Palabra (UAM), Tales&#46;&#46;&#46;<\/p>\n","protected":false},"author":1,"featured_media":2187,"comment_status":"closed","ping_status":"open","sticky":false,"template":"","format":"standard","meta":{"ngg_post_thumbnail":0,"footnotes":""},"categories":[2351650],"tags":[],"aioseo_notices":[],"_links":{"self":[{"href":"https:\/\/blogsaverroes.juntadeandalucia.es\/institutodh\/wp-json\/wp\/v2\/posts\/2185"}],"collection":[{"href":"https:\/\/blogsaverroes.juntadeandalucia.es\/institutodh\/wp-json\/wp\/v2\/posts"}],"about":[{"href":"https:\/\/blogsaverroes.juntadeandalucia.es\/institutodh\/wp-json\/wp\/v2\/types\/post"}],"author":[{"embeddable":true,"href":"https:\/\/blogsaverroes.juntadeandalucia.es\/institutodh\/wp-json\/wp\/v2\/users\/1"}],"replies":[{"embeddable":true,"href":"https:\/\/blogsaverroes.juntadeandalucia.es\/institutodh\/wp-json\/wp\/v2\/comments?post=2185"}],"version-history":[{"count":3,"href":"https:\/\/blogsaverroes.juntadeandalucia.es\/institutodh\/wp-json\/wp\/v2\/posts\/2185\/revisions"}],"predecessor-version":[{"id":2569,"href":"https:\/\/blogsaverroes.juntadeandalucia.es\/institutodh\/wp-json\/wp\/v2\/posts\/2185\/revisions\/2569"}],"wp:featuredmedia":[{"embeddable":true,"href":"https:\/\/blogsaverroes.juntadeandalucia.es\/institutodh\/wp-json\/wp\/v2\/media\/2187"}],"wp:attachment":[{"href":"https:\/\/blogsaverroes.juntadeandalucia.es\/institutodh\/wp-json\/wp\/v2\/media?parent=2185"}],"wp:term":[{"taxonomy":"category","embeddable":true,"href":"https:\/\/blogsaverroes.juntadeandalucia.es\/institutodh\/wp-json\/wp\/v2\/categories?post=2185"},{"taxonomy":"post_tag","embeddable":true,"href":"https:\/\/blogsaverroes.juntadeandalucia.es\/institutodh\/wp-json\/wp\/v2\/tags?post=2185"}],"curies":[{"name":"wp","href":"https:\/\/api.w.org\/{rel}","templated":true}]}}