{"id":3130,"date":"2025-07-07T11:49:40","date_gmt":"2025-07-07T11:49:40","guid":{"rendered":"https:\/\/blogsaverroes.juntadeandalucia.es\/institutodh\/?p=3130"},"modified":"2025-07-07T11:51:29","modified_gmt":"2025-07-07T11:51:29","slug":"3130-2","status":"publish","type":"post","link":"https:\/\/blogsaverroes.juntadeandalucia.es\/institutodh\/3130-2\/","title":{"rendered":"Calendario de ex\u00e1menes de septiembre para el curso 24\/25"},"content":{"rendered":"<p>Se informa a todos los alumnos del primer curso de bachillerato, que las <b>fechas de los ex\u00e1menes de septiembre<\/b> ya est\u00e1n disponibles. Pod\u00e9is consultar el calendario detallado a trav\u00e9s de Ipasen,&nbsp; en el tabl\u00f3n de anuncios del centro y en el siguiente enlace.<\/p>\n<p><a title=\"Calendario de ex\u00e1menes de septiembre curso 24\/25\" href=\"https:\/\/drive.google.com\/file\/d\/1WzK9VnsdCocYU8-rzXnoDdiUmU_eV5gV\/view?usp=sharing\">Calendario de ex\u00e1menes de septiembre curso 24\/25<\/a><\/p>\n<p>Jefatura de estudios.<\/p>\n","protected":false},"excerpt":{"rendered":"<p>Se informa a todos los alumnos del primer curso de bachillerato, que las fechas de los ex\u00e1menes de septiembre ya est\u00e1n disponibles. Pod\u00e9is consultar el calendario detallado a trav\u00e9s de&#46;&#46;&#46;<\/p>\n","protected":false},"author":9710,"featured_media":3131,"comment_status":"open","ping_status":"open","sticky":false,"template":"","format":"standard","meta":{"ngg_post_thumbnail":0,"footnotes":""},"categories":[526],"tags":[],"aioseo_notices":[],"_links":{"self":[{"href":"https:\/\/blogsaverroes.juntadeandalucia.es\/institutodh\/wp-json\/wp\/v2\/posts\/3130"}],"collection":[{"href":"https:\/\/blogsaverroes.juntadeandalucia.es\/institutodh\/wp-json\/wp\/v2\/posts"}],"about":[{"href":"https:\/\/blogsaverroes.juntadeandalucia.es\/institutodh\/wp-json\/wp\/v2\/types\/post"}],"author":[{"embeddable":true,"href":"https:\/\/blogsaverroes.juntadeandalucia.es\/institutodh\/wp-json\/wp\/v2\/users\/9710"}],"replies":[{"embeddable":true,"href":"https:\/\/blogsaverroes.juntadeandalucia.es\/institutodh\/wp-json\/wp\/v2\/comments?post=3130"}],"version-history":[{"count":4,"href":"https:\/\/blogsaverroes.juntadeandalucia.es\/institutodh\/wp-json\/wp\/v2\/posts\/3130\/revisions"}],"predecessor-version":[{"id":3135,"href":"https:\/\/blogsaverroes.juntadeandalucia.es\/institutodh\/wp-json\/wp\/v2\/posts\/3130\/revisions\/3135"}],"wp:featuredmedia":[{"embeddable":true,"href":"https:\/\/blogsaverroes.juntadeandalucia.es\/institutodh\/wp-json\/wp\/v2\/media\/3131"}],"wp:attachment":[{"href":"https:\/\/blogsaverroes.juntadeandalucia.es\/institutodh\/wp-json\/wp\/v2\/media?parent=3130"}],"wp:term":[{"taxonomy":"category","embeddable":true,"href":"https:\/\/blogsaverroes.juntadeandalucia.es\/institutodh\/wp-json\/wp\/v2\/categories?post=3130"},{"taxonomy":"post_tag","embeddable":true,"href":"https:\/\/blogsaverroes.juntadeandalucia.es\/institutodh\/wp-json\/wp\/v2\/tags?post=3130"}],"curies":[{"name":"wp","href":"https:\/\/api.w.org\/{rel}","templated":true}]}}