{"id":3017,"date":"2021-03-08T11:51:00","date_gmt":"2021-03-08T10:51:00","guid":{"rendered":"https:\/\/blogsaverroes.juntadeandalucia.es\/ipepcordoba\/?p=3017"},"modified":"2021-03-18T09:54:33","modified_gmt":"2021-03-18T08:54:33","slug":"dia-internacional-de-la-mujer","status":"publish","type":"post","link":"https:\/\/blogsaverroes.juntadeandalucia.es\/ipepcordoba\/dia-internacional-de-la-mujer\/","title":{"rendered":"D\u00eda internacional de la Mujer"},"content":{"rendered":"<p>Desde el IPEP C\u00f3rdoba os deseamos un feliz D\u00eda Internacional de la Mujer<br \/>\n<a href=\"https:\/\/blogsaverroes.juntadeandalucia.es\/ipepcordoba\/files\/2021\/03\/158350755_2737979996513137_4022403251428944838_o.jpg\"><img fetchpriority=\"high\" decoding=\"async\" src=\"https:\/\/blogsaverroes.juntadeandalucia.es\/ipepcordoba\/files\/2021\/03\/158350755_2737979996513137_4022403251428944838_o.jpg\" alt=\"\" width=\"960\" height=\"818\" class=\"alignnone size-full wp-image-3018\" srcset=\"https:\/\/blogsaverroes.juntadeandalucia.es\/ipepcordoba\/files\/2021\/03\/158350755_2737979996513137_4022403251428944838_o.jpg 960w, https:\/\/blogsaverroes.juntadeandalucia.es\/ipepcordoba\/files\/2021\/03\/158350755_2737979996513137_4022403251428944838_o-300x256.jpg 300w, https:\/\/blogsaverroes.juntadeandalucia.es\/ipepcordoba\/files\/2021\/03\/158350755_2737979996513137_4022403251428944838_o-768x654.jpg 768w\" sizes=\"(max-width: 960px) 100vw, 960px\" \/><\/a><\/p>\n","protected":false},"excerpt":{"rendered":"<p>Desde el IPEP C\u00f3rdoba os deseamos un feliz D\u00eda Internacional de la Mujer<\/p>\n","protected":false},"author":7756,"featured_media":0,"comment_status":"closed","ping_status":"open","sticky":false,"template":"","format":"standard","meta":{"ngg_post_thumbnail":0,"footnotes":""},"categories":[526],"tags":[],"aioseo_notices":[],"_links":{"self":[{"href":"https:\/\/blogsaverroes.juntadeandalucia.es\/ipepcordoba\/wp-json\/wp\/v2\/posts\/3017"}],"collection":[{"href":"https:\/\/blogsaverroes.juntadeandalucia.es\/ipepcordoba\/wp-json\/wp\/v2\/posts"}],"about":[{"href":"https:\/\/blogsaverroes.juntadeandalucia.es\/ipepcordoba\/wp-json\/wp\/v2\/types\/post"}],"author":[{"embeddable":true,"href":"https:\/\/blogsaverroes.juntadeandalucia.es\/ipepcordoba\/wp-json\/wp\/v2\/users\/7756"}],"replies":[{"embeddable":true,"href":"https:\/\/blogsaverroes.juntadeandalucia.es\/ipepcordoba\/wp-json\/wp\/v2\/comments?post=3017"}],"version-history":[{"count":1,"href":"https:\/\/blogsaverroes.juntadeandalucia.es\/ipepcordoba\/wp-json\/wp\/v2\/posts\/3017\/revisions"}],"predecessor-version":[{"id":3019,"href":"https:\/\/blogsaverroes.juntadeandalucia.es\/ipepcordoba\/wp-json\/wp\/v2\/posts\/3017\/revisions\/3019"}],"wp:attachment":[{"href":"https:\/\/blogsaverroes.juntadeandalucia.es\/ipepcordoba\/wp-json\/wp\/v2\/media?parent=3017"}],"wp:term":[{"taxonomy":"category","embeddable":true,"href":"https:\/\/blogsaverroes.juntadeandalucia.es\/ipepcordoba\/wp-json\/wp\/v2\/categories?post=3017"},{"taxonomy":"post_tag","embeddable":true,"href":"https:\/\/blogsaverroes.juntadeandalucia.es\/ipepcordoba\/wp-json\/wp\/v2\/tags?post=3017"}],"curies":[{"name":"wp","href":"https:\/\/api.w.org\/{rel}","templated":true}]}}