{"id":3948,"date":"2022-06-17T08:35:06","date_gmt":"2022-06-17T07:35:06","guid":{"rendered":"https:\/\/blogsaverroes.juntadeandalucia.es\/ipepcordoba\/?p=3948"},"modified":"2022-06-20T10:00:35","modified_gmt":"2022-06-20T09:00:35","slug":"como-se-solicitan-los-ciclos-formativos","status":"publish","type":"post","link":"https:\/\/blogsaverroes.juntadeandalucia.es\/ipepcordoba\/como-se-solicitan-los-ciclos-formativos\/","title":{"rendered":"\u00bfC\u00f3mo se solicitan los ciclos formativos?"},"content":{"rendered":"<p>En el portal Formaci\u00f3n Profesional Andaluza se puede consultar toda la informaci\u00f3n relativa al proceso de solicitud y admisi\u00f3n en ciclos formativos de grado medio o superior en sus distintas modalidades.<\/p>\n<p>Las solicitudes se pueden presentar a trav\u00e9s de la <a href=\"https:\/\/www.juntadeandalucia.es\/educacion\/secretariavirtual\/solicitudes\/\" target=\"_blank\" rel=\"noopener noreferrer\">Secretar\u00eda Virtual<\/a>.<\/p>\n<p>En<a href=\"https:\/\/www.juntadeandalucia.es\/educacion\/portals\/web\/formacion-profesional-andaluza\/quiero-formarme\/escolarizacion-2022\/calendario-plazos-escolarizacion-2022\" target=\"_blank\" rel=\"noopener noreferrer\"> este enlace<\/a> se puede consultar el calendario y los plazos de escolarizaci\u00f3n.<\/p>\n<p>Y en<a href=\"https:\/\/www.juntadeandalucia.es\/educacion\/portals\/web\/formacion-profesional-andaluza\/quiero-formarme\/escolarizacion-2022\/oferta-completa-presencial-ciclos-formativos-grado-medio-y-grado-superior\" target=\"_blank\" rel=\"noopener noreferrer\"> esta p\u00e1gina<\/a> se explica el proceso de escolarizaci\u00f3n de los ciclos en oferta completa, aunque se puede elegir otra modalidad (parcial diferenciada, por ejemplo). Es conveniente ver los v\u00eddeos de presentaci\u00f3n, como este:<\/p>\n<p><iframe title=\"Curso Presencial - Grado Medio y Grado Superior\" width=\"843\" height=\"474\" src=\"https:\/\/www.youtube.com\/embed\/1-su2x-AsqM?feature=oembed\" frameborder=\"0\" allow=\"accelerometer; autoplay; clipboard-write; encrypted-media; gyroscope; picture-in-picture\" allowfullscreen><\/iframe><\/p>\n<p>Para cualquier duda, consultar con el Departamento de Orientaci\u00f3n.<\/p>\n<p>&nbsp;<\/p>\n","protected":false},"excerpt":{"rendered":"<p>En el portal Formaci\u00f3n Profesional Andaluza se puede consultar toda la informaci\u00f3n relativa al proceso de solicitud y admisi\u00f3n en ciclos formativos de grado medio&hellip;<\/p>\n","protected":false},"author":8332,"featured_media":0,"comment_status":"closed","ping_status":"open","sticky":false,"template":"","format":"standard","meta":{"ngg_post_thumbnail":0,"footnotes":""},"categories":[526],"tags":[],"aioseo_notices":[],"_links":{"self":[{"href":"https:\/\/blogsaverroes.juntadeandalucia.es\/ipepcordoba\/wp-json\/wp\/v2\/posts\/3948"}],"collection":[{"href":"https:\/\/blogsaverroes.juntadeandalucia.es\/ipepcordoba\/wp-json\/wp\/v2\/posts"}],"about":[{"href":"https:\/\/blogsaverroes.juntadeandalucia.es\/ipepcordoba\/wp-json\/wp\/v2\/types\/post"}],"author":[{"embeddable":true,"href":"https:\/\/blogsaverroes.juntadeandalucia.es\/ipepcordoba\/wp-json\/wp\/v2\/users\/8332"}],"replies":[{"embeddable":true,"href":"https:\/\/blogsaverroes.juntadeandalucia.es\/ipepcordoba\/wp-json\/wp\/v2\/comments?post=3948"}],"version-history":[{"count":4,"href":"https:\/\/blogsaverroes.juntadeandalucia.es\/ipepcordoba\/wp-json\/wp\/v2\/posts\/3948\/revisions"}],"predecessor-version":[{"id":3952,"href":"https:\/\/blogsaverroes.juntadeandalucia.es\/ipepcordoba\/wp-json\/wp\/v2\/posts\/3948\/revisions\/3952"}],"wp:attachment":[{"href":"https:\/\/blogsaverroes.juntadeandalucia.es\/ipepcordoba\/wp-json\/wp\/v2\/media?parent=3948"}],"wp:term":[{"taxonomy":"category","embeddable":true,"href":"https:\/\/blogsaverroes.juntadeandalucia.es\/ipepcordoba\/wp-json\/wp\/v2\/categories?post=3948"},{"taxonomy":"post_tag","embeddable":true,"href":"https:\/\/blogsaverroes.juntadeandalucia.es\/ipepcordoba\/wp-json\/wp\/v2\/tags?post=3948"}],"curies":[{"name":"wp","href":"https:\/\/api.w.org\/{rel}","templated":true}]}}