{"id":712,"date":"2013-05-29T09:34:26","date_gmt":"2013-05-29T07:34:26","guid":{"rendered":"http:\/\/ipepcordoba.net\/ipep\/?p=712"},"modified":"2020-07-14T14:50:25","modified_gmt":"2020-07-14T14:50:25","slug":"comienza-escolarizacion","status":"publish","type":"post","link":"https:\/\/blogsaverroes.juntadeandalucia.es\/ipepcordoba\/comienza-escolarizacion\/","title":{"rendered":"Comienza la escolarizaci\u00f3n"},"content":{"rendered":"<p>Desde el d\u00eda 1 al 15 de junio se encontrar\u00e1 abierto el plazo de solicitudes para el curso 2013-2014 en Bachillerato, ESPA y Planes Educativos. Puede encontrarse informaci\u00f3n sobre la documentaci\u00f3n a presentar en el apartado <a title=\"Documentos para solicitud y matr\u00edcula\" href=\"http:\/\/ipepcordoba.net\/ipep\/documentos\/\" target=\"_blank\" rel=\"noopener noreferrer\"><em>Documentos para solicitud y matr\u00edcula.<\/em><\/a><\/p>\n","protected":false},"excerpt":{"rendered":"<p>Desde el d\u00eda 1 al 15 de junio se encontrar\u00e1 abierto el plazo de solicitudes para el curso 2013-2014 en Bachillerato, ESPA y Planes Educativos.&hellip;<\/p>\n","protected":false},"author":8332,"featured_media":0,"comment_status":"closed","ping_status":"closed","sticky":false,"template":"","format":"standard","meta":{"ngg_post_thumbnail":0,"footnotes":""},"categories":[8689],"tags":[],"aioseo_notices":[],"_links":{"self":[{"href":"https:\/\/blogsaverroes.juntadeandalucia.es\/ipepcordoba\/wp-json\/wp\/v2\/posts\/712"}],"collection":[{"href":"https:\/\/blogsaverroes.juntadeandalucia.es\/ipepcordoba\/wp-json\/wp\/v2\/posts"}],"about":[{"href":"https:\/\/blogsaverroes.juntadeandalucia.es\/ipepcordoba\/wp-json\/wp\/v2\/types\/post"}],"author":[{"embeddable":true,"href":"https:\/\/blogsaverroes.juntadeandalucia.es\/ipepcordoba\/wp-json\/wp\/v2\/users\/8332"}],"replies":[{"embeddable":true,"href":"https:\/\/blogsaverroes.juntadeandalucia.es\/ipepcordoba\/wp-json\/wp\/v2\/comments?post=712"}],"version-history":[{"count":1,"href":"https:\/\/blogsaverroes.juntadeandalucia.es\/ipepcordoba\/wp-json\/wp\/v2\/posts\/712\/revisions"}],"predecessor-version":[{"id":2905,"href":"https:\/\/blogsaverroes.juntadeandalucia.es\/ipepcordoba\/wp-json\/wp\/v2\/posts\/712\/revisions\/2905"}],"wp:attachment":[{"href":"https:\/\/blogsaverroes.juntadeandalucia.es\/ipepcordoba\/wp-json\/wp\/v2\/media?parent=712"}],"wp:term":[{"taxonomy":"category","embeddable":true,"href":"https:\/\/blogsaverroes.juntadeandalucia.es\/ipepcordoba\/wp-json\/wp\/v2\/categories?post=712"},{"taxonomy":"post_tag","embeddable":true,"href":"https:\/\/blogsaverroes.juntadeandalucia.es\/ipepcordoba\/wp-json\/wp\/v2\/tags?post=712"}],"curies":[{"name":"wp","href":"https:\/\/api.w.org\/{rel}","templated":true}]}}