{"id":187,"date":"2025-03-31T14:55:49","date_gmt":"2025-03-31T14:55:49","guid":{"rendered":"https:\/\/blogsaverroes.juntadeandalucia.es\/ipepcordobaerasmus\/?p=187"},"modified":"2025-04-01T11:13:48","modified_gmt":"2025-04-01T11:13:48","slug":"187","status":"publish","type":"post","link":"https:\/\/blogsaverroes.juntadeandalucia.es\/ipepcordobaerasmus\/2025\/03\/31\/187\/","title":{"rendered":"D\u00eda 1 en Pozarevac (Serbia)"},"content":{"rendered":"<p style=\"text-align: justify\">Ya hemos llegado a Pozarevac. Despu\u00e9s de la c\u00e1lida bienvenida en la que se nos ofrecieron productos serbios, turcos y griegos en la sala de profesores con el objetivo de presentarnos y conocernos, hicimos un recorrido por las instalaciones del centro escolar \u201cOS Sveti Sava\u201d. Este centro alberga ense\u00f1anzas de primaria durante las ma\u00f1anas, y de adultos durante las tardes. Igual que nuestro centro, atiende al alumnado de los centros penitenciarios masculino y femenino.<\/p>\n<p style=\"text-align: justify\"><img loading=\"lazy\" decoding=\"async\" class=\"alignnone size-full wp-image-190\" src=\"https:\/\/blogsaverroes.juntadeandalucia.es\/ipepcordobaerasmus\/files\/2025\/03\/b21c30f8-70af-46a2-9371-af9fce211b3f.jpg\" alt=\"\" width=\"1000\" height=\"750\" srcset=\"https:\/\/blogsaverroes.juntadeandalucia.es\/ipepcordobaerasmus\/files\/2025\/03\/b21c30f8-70af-46a2-9371-af9fce211b3f.jpg 1000w, https:\/\/blogsaverroes.juntadeandalucia.es\/ipepcordobaerasmus\/files\/2025\/03\/b21c30f8-70af-46a2-9371-af9fce211b3f-300x225.jpg 300w, https:\/\/blogsaverroes.juntadeandalucia.es\/ipepcordobaerasmus\/files\/2025\/03\/b21c30f8-70af-46a2-9371-af9fce211b3f-768x576.jpg 768w\" sizes=\"(max-width: 1000px) 100vw, 1000px\" \/><\/p>\n<p style=\"text-align: justify\">En este tour, descubrimos su magn\u00edfico rinc\u00f3n Erasmus, lleno de recuerdos de todos los lugares visitados en sus proyectos de a\u00f1os anteriores. Como detalles curiosos del centro, nos informaron de que el edifico data de comienzos del siglo XIX. Por lo tanto, es un edificio protegido que no pueden modificar sin permiso de las autoridades competentes.<\/p>\n<p style=\"text-align: justify\"><img loading=\"lazy\" decoding=\"async\" class=\"alignnone size-full wp-image-203\" src=\"https:\/\/blogsaverroes.juntadeandalucia.es\/ipepcordobaerasmus\/files\/2025\/03\/IMG_7055.jpg\" alt=\"\" width=\"1000\" height=\"750\" srcset=\"https:\/\/blogsaverroes.juntadeandalucia.es\/ipepcordobaerasmus\/files\/2025\/03\/IMG_7055.jpg 1000w, https:\/\/blogsaverroes.juntadeandalucia.es\/ipepcordobaerasmus\/files\/2025\/03\/IMG_7055-300x225.jpg 300w, https:\/\/blogsaverroes.juntadeandalucia.es\/ipepcordobaerasmus\/files\/2025\/03\/IMG_7055-768x576.jpg 768w\" sizes=\"(max-width: 1000px) 100vw, 1000px\" \/><\/p>\n<p style=\"text-align: justify\">Algo que nos llam\u00f3 la atenci\u00f3n era que en el centro escolar, estaba presente un polic\u00eda serbio. Nos explicaron que en el 2023 se produjeron unos tiroteos en dos escuelas de Belgrado, los cuales dejaron 17 muertos y 21 heridos. Por lo que, como medida, el gobierno decidi\u00f3 mandar a un oficial a cada centro del pa\u00eds para mantener seguros a alumnos, profesores y dem\u00e1s personal.<\/p>\n<p style=\"text-align: justify\"><img loading=\"lazy\" decoding=\"async\" class=\"alignnone size-full wp-image-191\" src=\"https:\/\/blogsaverroes.juntadeandalucia.es\/ipepcordobaerasmus\/files\/2025\/03\/cf0ec7d9-ac1b-4226-9cc5-4ce844158ece.jpg\" alt=\"\" width=\"1000\" height=\"510\" srcset=\"https:\/\/blogsaverroes.juntadeandalucia.es\/ipepcordobaerasmus\/files\/2025\/03\/cf0ec7d9-ac1b-4226-9cc5-4ce844158ece.jpg 1000w, https:\/\/blogsaverroes.juntadeandalucia.es\/ipepcordobaerasmus\/files\/2025\/03\/cf0ec7d9-ac1b-4226-9cc5-4ce844158ece-300x153.jpg 300w, https:\/\/blogsaverroes.juntadeandalucia.es\/ipepcordobaerasmus\/files\/2025\/03\/cf0ec7d9-ac1b-4226-9cc5-4ce844158ece-768x392.jpg 768w\" sizes=\"(max-width: 1000px) 100vw, 1000px\" \/><\/p>\n<p style=\"text-align: justify\">Tras esta primera toma de contacto, nos ofrecieron un interesante recorrido hist\u00f3rico y cultural por la ciudad, en el que vimos su reducido casco hist\u00f3rico y otros lugares de inter\u00e9s.<\/p>\n<p style=\"text-align: justify\"><img loading=\"lazy\" decoding=\"async\" class=\"alignnone size-full wp-image-188\" src=\"https:\/\/blogsaverroes.juntadeandalucia.es\/ipepcordobaerasmus\/files\/2025\/03\/IMG_7061.jpg\" alt=\"\" width=\"1000\" height=\"750\" srcset=\"https:\/\/blogsaverroes.juntadeandalucia.es\/ipepcordobaerasmus\/files\/2025\/03\/IMG_7061.jpg 1000w, https:\/\/blogsaverroes.juntadeandalucia.es\/ipepcordobaerasmus\/files\/2025\/03\/IMG_7061-300x225.jpg 300w, https:\/\/blogsaverroes.juntadeandalucia.es\/ipepcordobaerasmus\/files\/2025\/03\/IMG_7061-768x576.jpg 768w\" sizes=\"(max-width: 1000px) 100vw, 1000px\" \/><\/p>\n<p style=\"text-align: justify\">Tras disfrutar de esta introducci\u00f3n cultural, lleg\u00f3 la hora de conocer de primera mano el sistema de ense\u00f1anza para adultos en este pa\u00eds. Pudimos asistir a clases de diferentes materias como, por ejemplo, clases de primer y segundo idioma con el fin de observar diferencias en su ense\u00f1anza entre este pa\u00eds y el nuestro.<\/p>\n<p style=\"text-align: justify\"><img loading=\"lazy\" decoding=\"async\" class=\"alignnone size-full wp-image-189\" src=\"https:\/\/blogsaverroes.juntadeandalucia.es\/ipepcordobaerasmus\/files\/2025\/03\/IMG_7081.jpg\" alt=\"\" width=\"1000\" height=\"750\" srcset=\"https:\/\/blogsaverroes.juntadeandalucia.es\/ipepcordobaerasmus\/files\/2025\/03\/IMG_7081.jpg 1000w, https:\/\/blogsaverroes.juntadeandalucia.es\/ipepcordobaerasmus\/files\/2025\/03\/IMG_7081-300x225.jpg 300w, https:\/\/blogsaverroes.juntadeandalucia.es\/ipepcordobaerasmus\/files\/2025\/03\/IMG_7081-768x576.jpg 768w\" sizes=\"(max-width: 1000px) 100vw, 1000px\" \/><\/p>\n<p style=\"text-align: justify\">&nbsp;<\/p>\n","protected":false},"excerpt":{"rendered":"<p>Ya hemos llegado a Pozarevac. Despu\u00e9s de la c\u00e1lida bienvenida en la que se nos ofrecieron productos serbios, turcos y griegos en la sala de profesores con el objetivo de presentarnos y conocernos, hicimos un recorrido por las instalaciones del centro escolar \u201cOS Sveti Sava\u201d. Este centro alberga ense\u00f1anzas de primaria durante las ma\u00f1anas, y &hellip; <a href=\"https:\/\/blogsaverroes.juntadeandalucia.es\/ipepcordobaerasmus\/2025\/03\/31\/187\/\" class=\"more-link\">Sigue leyendo <span class=\"screen-reader-text\">D\u00eda 1 en Pozarevac (Serbia)<\/span><\/a><\/p>\n","protected":false},"author":8332,"featured_media":0,"comment_status":"open","ping_status":"open","sticky":false,"template":"","format":"standard","meta":{"ngg_post_thumbnail":0,"footnotes":""},"categories":[1],"tags":[],"aioseo_notices":[],"_links":{"self":[{"href":"https:\/\/blogsaverroes.juntadeandalucia.es\/ipepcordobaerasmus\/wp-json\/wp\/v2\/posts\/187"}],"collection":[{"href":"https:\/\/blogsaverroes.juntadeandalucia.es\/ipepcordobaerasmus\/wp-json\/wp\/v2\/posts"}],"about":[{"href":"https:\/\/blogsaverroes.juntadeandalucia.es\/ipepcordobaerasmus\/wp-json\/wp\/v2\/types\/post"}],"author":[{"embeddable":true,"href":"https:\/\/blogsaverroes.juntadeandalucia.es\/ipepcordobaerasmus\/wp-json\/wp\/v2\/users\/8332"}],"replies":[{"embeddable":true,"href":"https:\/\/blogsaverroes.juntadeandalucia.es\/ipepcordobaerasmus\/wp-json\/wp\/v2\/comments?post=187"}],"version-history":[{"count":6,"href":"https:\/\/blogsaverroes.juntadeandalucia.es\/ipepcordobaerasmus\/wp-json\/wp\/v2\/posts\/187\/revisions"}],"predecessor-version":[{"id":225,"href":"https:\/\/blogsaverroes.juntadeandalucia.es\/ipepcordobaerasmus\/wp-json\/wp\/v2\/posts\/187\/revisions\/225"}],"wp:attachment":[{"href":"https:\/\/blogsaverroes.juntadeandalucia.es\/ipepcordobaerasmus\/wp-json\/wp\/v2\/media?parent=187"}],"wp:term":[{"taxonomy":"category","embeddable":true,"href":"https:\/\/blogsaverroes.juntadeandalucia.es\/ipepcordobaerasmus\/wp-json\/wp\/v2\/categories?post=187"},{"taxonomy":"post_tag","embeddable":true,"href":"https:\/\/blogsaverroes.juntadeandalucia.es\/ipepcordobaerasmus\/wp-json\/wp\/v2\/tags?post=187"}],"curies":[{"name":"wp","href":"https:\/\/api.w.org\/{rel}","templated":true}]}}