{"id":465,"date":"2024-09-12T23:10:21","date_gmt":"2024-09-12T21:10:21","guid":{"rendered":"https:\/\/blogsaverroes.juntadeandalucia.es\/ismo\/?p=465"},"modified":"2024-09-16T09:43:28","modified_gmt":"2024-09-16T07:43:28","slug":"formacion-profesional-dual","status":"publish","type":"post","link":"https:\/\/blogsaverroes.juntadeandalucia.es\/ismo\/formacion-profesional-dual\/","title":{"rendered":"Formaci\u00f3n Profesional Dual"},"content":{"rendered":"<h1>Formaci\u00f3n Profesional Dual<\/h1>\n<p>Os dejo un resumen sobre las normativas para dualizaci\u00f3n de la Formaci\u00f3n Profesional en Andaluc\u00eda. Contiene informaci\u00f3n del <a href=\"https:\/\/www.boe.es\/diario_boe\/txt.php?id=BOE-A-2023-16889\" target=\"_blank\" rel=\"noopener\">RD 659\/2023<\/a> y de las <a href=\"https:\/\/www.juntadeandalucia.es\/educacion\/portales\/web\/normativa\/w\/resolucion-de-26-de-junio-de-2024-de-la-direccion-general-de-formacion-profesional-por-la-que-se-dictan-instrucciones-para-regular-aspectos-relativos-a-la-organizacion-y-al-funcionamiento-del-curso-2024\/2025-en-la-comunidad-autonoma-de-andalucia\" target=\"_blank\" rel=\"noopener\">instrucciones<\/a> que sac\u00f3 la junta de Andaluc\u00eda en junio de 2024. En principio parece que los que no ten\u00edamos ya implantada la dual pasamos a r\u00e9gimen general sin alternancia pero hay que tener algo en el primer curso.<\/p>\n<p><a href=\"https:\/\/blogsaverroes.juntadeandalucia.es\/ismo\/files\/2024\/09\/ResumenDualizante.pdf\">ResumenDualizante<\/a><\/p>\n","protected":false},"excerpt":{"rendered":"<p>Formaci\u00f3n Profesional Dual Os dejo un resumen sobre las normativas para dualizaci\u00f3n de la Formaci\u00f3n Profesional en Andaluc\u00eda. Contiene informaci\u00f3n del RD 659\/2023 y de las instrucciones que sac\u00f3 la junta de Andaluc\u00eda en junio de 2024. En principio parece que los que no ten\u00edamos ya implantada la dual pasamos a r\u00e9gimen general sin alternancia &hellip; <a href=\"https:\/\/blogsaverroes.juntadeandalucia.es\/ismo\/formacion-profesional-dual\/\" class=\"more-link\">Continuar leyendo<span class=\"screen-reader-text\"> \u00abFormaci\u00f3n Profesional Dual\u00bb<\/span><\/a><\/p>\n","protected":false},"author":5479,"featured_media":0,"comment_status":"open","ping_status":"open","sticky":false,"template":"","format":"standard","meta":{"ngg_post_thumbnail":0,"footnotes":""},"categories":[11910],"tags":[],"aioseo_notices":[],"_links":{"self":[{"href":"https:\/\/blogsaverroes.juntadeandalucia.es\/ismo\/wp-json\/wp\/v2\/posts\/465"}],"collection":[{"href":"https:\/\/blogsaverroes.juntadeandalucia.es\/ismo\/wp-json\/wp\/v2\/posts"}],"about":[{"href":"https:\/\/blogsaverroes.juntadeandalucia.es\/ismo\/wp-json\/wp\/v2\/types\/post"}],"author":[{"embeddable":true,"href":"https:\/\/blogsaverroes.juntadeandalucia.es\/ismo\/wp-json\/wp\/v2\/users\/5479"}],"replies":[{"embeddable":true,"href":"https:\/\/blogsaverroes.juntadeandalucia.es\/ismo\/wp-json\/wp\/v2\/comments?post=465"}],"version-history":[{"count":4,"href":"https:\/\/blogsaverroes.juntadeandalucia.es\/ismo\/wp-json\/wp\/v2\/posts\/465\/revisions"}],"predecessor-version":[{"id":486,"href":"https:\/\/blogsaverroes.juntadeandalucia.es\/ismo\/wp-json\/wp\/v2\/posts\/465\/revisions\/486"}],"wp:attachment":[{"href":"https:\/\/blogsaverroes.juntadeandalucia.es\/ismo\/wp-json\/wp\/v2\/media?parent=465"}],"wp:term":[{"taxonomy":"category","embeddable":true,"href":"https:\/\/blogsaverroes.juntadeandalucia.es\/ismo\/wp-json\/wp\/v2\/categories?post=465"},{"taxonomy":"post_tag","embeddable":true,"href":"https:\/\/blogsaverroes.juntadeandalucia.es\/ismo\/wp-json\/wp\/v2\/tags?post=465"}],"curies":[{"name":"wp","href":"https:\/\/api.w.org\/{rel}","templated":true}]}}