{"id":212,"date":"2025-03-25T17:58:46","date_gmt":"2025-03-25T16:58:46","guid":{"rendered":"https:\/\/blogsaverroes.juntadeandalucia.es\/jarillaciclo1\/?p=212"},"modified":"2025-03-26T13:11:30","modified_gmt":"2025-03-26T12:11:30","slug":"visita-del-alumnado-de-2o-al-conservatorio-de-musica","status":"publish","type":"post","link":"https:\/\/blogsaverroes.juntadeandalucia.es\/jarillaciclo1\/2025\/03\/25\/visita-del-alumnado-de-2o-al-conservatorio-de-musica\/","title":{"rendered":"Visita del alumnado de 2\u00ba al Conservatorio de m\u00fasica"},"content":{"rendered":"<p>Las dos clases de segundo de primaria realizaron la tradicional visita al Real Conservatorio Profesional de M\u00fasica de Almer\u00eda. El profesorado del conservatorio present\u00f3 las distintas familias de instrumentos, as\u00ed como ofrecieron informaci\u00f3n de las diferentes disciplinas que se pueden estudiar.<\/p>\n<p>Para nuestros alumnado fue toda una jornada de descubrimiento y asombro en el m\u00e1gico mundo de la m\u00fasica y la danza.<\/p>\n<p>Ofrecieron al alumnado la posibilidad de vivenciar en primera persona la m\u00fasica. Muchos de ellos quedaron asombrados y podr\u00e1n acercarse de nuevo el d\u00eda de puertas abiertas el pr\u00f3ximo 4 de abril de 17:00 a 20:00h.<\/p>\n<p>&nbsp;<\/p>\n<p>&nbsp;<\/p>\n<p><strong><span style=\"color: #ff6600;font-size: 18pt\">SEGUNDO \u00abA\u00bb<\/span><\/strong><\/p>\n\n\t\t<style>\n\t\t\t#gallery-1 {\n\t\t\t\tmargin: auto;\n\t\t\t}\n\t\t\t#gallery-1 .gallery-item {\n\t\t\t\tfloat: left;\n\t\t\t\tmargin-top: 10px;\n\t\t\t\ttext-align: center;\n\t\t\t\twidth: 33%;\n\t\t\t}\n\t\t\t#gallery-1 img {\n\t\t\t\tborder: 2px solid #cfcfcf;\n\t\t\t}\n\t\t\t#gallery-1 .gallery-caption {\n\t\t\t\tmargin-left: 0;\n\t\t\t}\n\t\t\t\/* see gallery_shortcode() in wp-includes\/media.php *\/\n\t\t<\/style>\n\t\t<div id='gallery-1' class='gallery galleryid-212 gallery-columns-3 gallery-size-medium'><dl class='gallery-item'>\n\t\t\t<dt class='gallery-icon landscape'>\n\t\t\t\t<a href='https:\/\/blogsaverroes.juntadeandalucia.es\/jarillaciclo1\/2025\/03\/25\/visita-del-alumnado-de-2o-al-conservatorio-de-musica\/img_7474\/'><img loading=\"lazy\" decoding=\"async\" width=\"300\" height=\"169\" src=\"https:\/\/blogsaverroes.juntadeandalucia.es\/jarillaciclo1\/files\/2025\/03\/IMG_7474-300x169.jpg\" class=\"attachment-medium size-medium\" alt=\"\" srcset=\"https:\/\/blogsaverroes.juntadeandalucia.es\/jarillaciclo1\/files\/2025\/03\/IMG_7474-300x169.jpg 300w, https:\/\/blogsaverroes.juntadeandalucia.es\/jarillaciclo1\/files\/2025\/03\/IMG_7474-1024x576.jpg 1024w, https:\/\/blogsaverroes.juntadeandalucia.es\/jarillaciclo1\/files\/2025\/03\/IMG_7474-768x432.jpg 768w, https:\/\/blogsaverroes.juntadeandalucia.es\/jarillaciclo1\/files\/2025\/03\/IMG_7474-1536x864.jpg 1536w, https:\/\/blogsaverroes.juntadeandalucia.es\/jarillaciclo1\/files\/2025\/03\/IMG_7474-2048x1152.jpg 2048w\" sizes=\"(max-width: 300px) 100vw, 300px\" \/><\/a>\n\t\t\t<\/dt><\/dl><dl class='gallery-item'>\n\t\t\t<dt class='gallery-icon landscape'>\n\t\t\t\t<a href='https:\/\/blogsaverroes.juntadeandalucia.es\/jarillaciclo1\/2025\/03\/25\/visita-del-alumnado-de-2o-al-conservatorio-de-musica\/img_7476\/'><img loading=\"lazy\" decoding=\"async\" width=\"300\" height=\"169\" src=\"https:\/\/blogsaverroes.juntadeandalucia.es\/jarillaciclo1\/files\/2025\/03\/IMG_7476-300x169.jpg\" class=\"attachment-medium size-medium\" alt=\"\" srcset=\"https:\/\/blogsaverroes.juntadeandalucia.es\/jarillaciclo1\/files\/2025\/03\/IMG_7476-300x169.jpg 300w, https:\/\/blogsaverroes.juntadeandalucia.es\/jarillaciclo1\/files\/2025\/03\/IMG_7476-1024x576.jpg 1024w, https:\/\/blogsaverroes.juntadeandalucia.es\/jarillaciclo1\/files\/2025\/03\/IMG_7476-768x432.jpg 768w, https:\/\/blogsaverroes.juntadeandalucia.es\/jarillaciclo1\/files\/2025\/03\/IMG_7476-1536x864.jpg 1536w, https:\/\/blogsaverroes.juntadeandalucia.es\/jarillaciclo1\/files\/2025\/03\/IMG_7476-2048x1152.jpg 2048w\" sizes=\"(max-width: 300px) 100vw, 300px\" \/><\/a>\n\t\t\t<\/dt><\/dl><dl class='gallery-item'>\n\t\t\t<dt class='gallery-icon landscape'>\n\t\t\t\t<a href='https:\/\/blogsaverroes.juntadeandalucia.es\/jarillaciclo1\/2025\/03\/25\/visita-del-alumnado-de-2o-al-conservatorio-de-musica\/img_7478\/'><img loading=\"lazy\" decoding=\"async\" width=\"300\" height=\"169\" src=\"https:\/\/blogsaverroes.juntadeandalucia.es\/jarillaciclo1\/files\/2025\/03\/IMG_7478-300x169.jpg\" class=\"attachment-medium size-medium\" alt=\"\" srcset=\"https:\/\/blogsaverroes.juntadeandalucia.es\/jarillaciclo1\/files\/2025\/03\/IMG_7478-300x169.jpg 300w, https:\/\/blogsaverroes.juntadeandalucia.es\/jarillaciclo1\/files\/2025\/03\/IMG_7478-1024x576.jpg 1024w, https:\/\/blogsaverroes.juntadeandalucia.es\/jarillaciclo1\/files\/2025\/03\/IMG_7478-768x432.jpg 768w, https:\/\/blogsaverroes.juntadeandalucia.es\/jarillaciclo1\/files\/2025\/03\/IMG_7478-1536x864.jpg 1536w, https:\/\/blogsaverroes.juntadeandalucia.es\/jarillaciclo1\/files\/2025\/03\/IMG_7478-2048x1152.jpg 2048w\" sizes=\"(max-width: 300px) 100vw, 300px\" \/><\/a>\n\t\t\t<\/dt><\/dl><br style=\"clear: both\" \/><dl class='gallery-item'>\n\t\t\t<dt class='gallery-icon landscape'>\n\t\t\t\t<a href='https:\/\/blogsaverroes.juntadeandalucia.es\/jarillaciclo1\/2025\/03\/25\/visita-del-alumnado-de-2o-al-conservatorio-de-musica\/img_7482\/'><img loading=\"lazy\" decoding=\"async\" width=\"300\" height=\"169\" src=\"https:\/\/blogsaverroes.juntadeandalucia.es\/jarillaciclo1\/files\/2025\/03\/IMG_7482-300x169.jpg\" class=\"attachment-medium size-medium\" alt=\"\" srcset=\"https:\/\/blogsaverroes.juntadeandalucia.es\/jarillaciclo1\/files\/2025\/03\/IMG_7482-300x169.jpg 300w, https:\/\/blogsaverroes.juntadeandalucia.es\/jarillaciclo1\/files\/2025\/03\/IMG_7482-1024x576.jpg 1024w, https:\/\/blogsaverroes.juntadeandalucia.es\/jarillaciclo1\/files\/2025\/03\/IMG_7482-768x432.jpg 768w, https:\/\/blogsaverroes.juntadeandalucia.es\/jarillaciclo1\/files\/2025\/03\/IMG_7482-1536x864.jpg 1536w, https:\/\/blogsaverroes.juntadeandalucia.es\/jarillaciclo1\/files\/2025\/03\/IMG_7482-2048x1152.jpg 2048w\" sizes=\"(max-width: 300px) 100vw, 300px\" \/><\/a>\n\t\t\t<\/dt><\/dl><dl class='gallery-item'>\n\t\t\t<dt class='gallery-icon landscape'>\n\t\t\t\t<a href='https:\/\/blogsaverroes.juntadeandalucia.es\/jarillaciclo1\/2025\/03\/25\/visita-del-alumnado-de-2o-al-conservatorio-de-musica\/img_7489\/'><img loading=\"lazy\" decoding=\"async\" width=\"300\" height=\"169\" src=\"https:\/\/blogsaverroes.juntadeandalucia.es\/jarillaciclo1\/files\/2025\/03\/IMG_7489-300x169.jpg\" class=\"attachment-medium size-medium\" alt=\"\" srcset=\"https:\/\/blogsaverroes.juntadeandalucia.es\/jarillaciclo1\/files\/2025\/03\/IMG_7489-300x169.jpg 300w, https:\/\/blogsaverroes.juntadeandalucia.es\/jarillaciclo1\/files\/2025\/03\/IMG_7489-1024x576.jpg 1024w, https:\/\/blogsaverroes.juntadeandalucia.es\/jarillaciclo1\/files\/2025\/03\/IMG_7489-768x432.jpg 768w, https:\/\/blogsaverroes.juntadeandalucia.es\/jarillaciclo1\/files\/2025\/03\/IMG_7489-1536x864.jpg 1536w, https:\/\/blogsaverroes.juntadeandalucia.es\/jarillaciclo1\/files\/2025\/03\/IMG_7489-2048x1152.jpg 2048w\" sizes=\"(max-width: 300px) 100vw, 300px\" \/><\/a>\n\t\t\t<\/dt><\/dl><dl class='gallery-item'>\n\t\t\t<dt class='gallery-icon landscape'>\n\t\t\t\t<a href='https:\/\/blogsaverroes.juntadeandalucia.es\/jarillaciclo1\/2025\/03\/25\/visita-del-alumnado-de-2o-al-conservatorio-de-musica\/img_7492\/'><img loading=\"lazy\" decoding=\"async\" width=\"300\" height=\"169\" src=\"https:\/\/blogsaverroes.juntadeandalucia.es\/jarillaciclo1\/files\/2025\/03\/IMG_7492-300x169.jpg\" class=\"attachment-medium size-medium\" alt=\"\" srcset=\"https:\/\/blogsaverroes.juntadeandalucia.es\/jarillaciclo1\/files\/2025\/03\/IMG_7492-300x169.jpg 300w, https:\/\/blogsaverroes.juntadeandalucia.es\/jarillaciclo1\/files\/2025\/03\/IMG_7492-1024x576.jpg 1024w, https:\/\/blogsaverroes.juntadeandalucia.es\/jarillaciclo1\/files\/2025\/03\/IMG_7492-768x432.jpg 768w, https:\/\/blogsaverroes.juntadeandalucia.es\/jarillaciclo1\/files\/2025\/03\/IMG_7492-1536x864.jpg 1536w, https:\/\/blogsaverroes.juntadeandalucia.es\/jarillaciclo1\/files\/2025\/03\/IMG_7492-2048x1152.jpg 2048w\" sizes=\"(max-width: 300px) 100vw, 300px\" \/><\/a>\n\t\t\t<\/dt><\/dl><br style=\"clear: both\" \/><dl class='gallery-item'>\n\t\t\t<dt class='gallery-icon landscape'>\n\t\t\t\t<a href='https:\/\/blogsaverroes.juntadeandalucia.es\/jarillaciclo1\/2025\/03\/25\/visita-del-alumnado-de-2o-al-conservatorio-de-musica\/img_7493\/'><img loading=\"lazy\" decoding=\"async\" width=\"300\" height=\"169\" src=\"https:\/\/blogsaverroes.juntadeandalucia.es\/jarillaciclo1\/files\/2025\/03\/IMG_7493-300x169.jpg\" class=\"attachment-medium size-medium\" alt=\"\" srcset=\"https:\/\/blogsaverroes.juntadeandalucia.es\/jarillaciclo1\/files\/2025\/03\/IMG_7493-300x169.jpg 300w, https:\/\/blogsaverroes.juntadeandalucia.es\/jarillaciclo1\/files\/2025\/03\/IMG_7493-1024x576.jpg 1024w, https:\/\/blogsaverroes.juntadeandalucia.es\/jarillaciclo1\/files\/2025\/03\/IMG_7493-768x432.jpg 768w, https:\/\/blogsaverroes.juntadeandalucia.es\/jarillaciclo1\/files\/2025\/03\/IMG_7493-1536x864.jpg 1536w, https:\/\/blogsaverroes.juntadeandalucia.es\/jarillaciclo1\/files\/2025\/03\/IMG_7493-2048x1152.jpg 2048w\" sizes=\"(max-width: 300px) 100vw, 300px\" \/><\/a>\n\t\t\t<\/dt><\/dl><dl class='gallery-item'>\n\t\t\t<dt class='gallery-icon landscape'>\n\t\t\t\t<a href='https:\/\/blogsaverroes.juntadeandalucia.es\/jarillaciclo1\/2025\/03\/25\/visita-del-alumnado-de-2o-al-conservatorio-de-musica\/img_7496\/'><img loading=\"lazy\" decoding=\"async\" width=\"300\" height=\"169\" src=\"https:\/\/blogsaverroes.juntadeandalucia.es\/jarillaciclo1\/files\/2025\/03\/IMG_7496-300x169.jpg\" class=\"attachment-medium size-medium\" alt=\"\" srcset=\"https:\/\/blogsaverroes.juntadeandalucia.es\/jarillaciclo1\/files\/2025\/03\/IMG_7496-300x169.jpg 300w, https:\/\/blogsaverroes.juntadeandalucia.es\/jarillaciclo1\/files\/2025\/03\/IMG_7496-1024x576.jpg 1024w, https:\/\/blogsaverroes.juntadeandalucia.es\/jarillaciclo1\/files\/2025\/03\/IMG_7496-768x432.jpg 768w, https:\/\/blogsaverroes.juntadeandalucia.es\/jarillaciclo1\/files\/2025\/03\/IMG_7496-1536x864.jpg 1536w, https:\/\/blogsaverroes.juntadeandalucia.es\/jarillaciclo1\/files\/2025\/03\/IMG_7496-2048x1152.jpg 2048w\" sizes=\"(max-width: 300px) 100vw, 300px\" \/><\/a>\n\t\t\t<\/dt><\/dl><dl class='gallery-item'>\n\t\t\t<dt class='gallery-icon landscape'>\n\t\t\t\t<a href='https:\/\/blogsaverroes.juntadeandalucia.es\/jarillaciclo1\/2025\/03\/25\/visita-del-alumnado-de-2o-al-conservatorio-de-musica\/img_7500\/'><img loading=\"lazy\" decoding=\"async\" width=\"300\" height=\"169\" src=\"https:\/\/blogsaverroes.juntadeandalucia.es\/jarillaciclo1\/files\/2025\/03\/IMG_7500-300x169.jpg\" class=\"attachment-medium size-medium\" alt=\"\" srcset=\"https:\/\/blogsaverroes.juntadeandalucia.es\/jarillaciclo1\/files\/2025\/03\/IMG_7500-300x169.jpg 300w, https:\/\/blogsaverroes.juntadeandalucia.es\/jarillaciclo1\/files\/2025\/03\/IMG_7500-1024x576.jpg 1024w, https:\/\/blogsaverroes.juntadeandalucia.es\/jarillaciclo1\/files\/2025\/03\/IMG_7500-768x432.jpg 768w, https:\/\/blogsaverroes.juntadeandalucia.es\/jarillaciclo1\/files\/2025\/03\/IMG_7500-1536x864.jpg 1536w, https:\/\/blogsaverroes.juntadeandalucia.es\/jarillaciclo1\/files\/2025\/03\/IMG_7500-2048x1152.jpg 2048w\" sizes=\"(max-width: 300px) 100vw, 300px\" \/><\/a>\n\t\t\t<\/dt><\/dl><br style=\"clear: both\" \/><dl class='gallery-item'>\n\t\t\t<dt class='gallery-icon landscape'>\n\t\t\t\t<a href='https:\/\/blogsaverroes.juntadeandalucia.es\/jarillaciclo1\/2025\/03\/25\/visita-del-alumnado-de-2o-al-conservatorio-de-musica\/img_7503\/'><img loading=\"lazy\" decoding=\"async\" width=\"300\" height=\"169\" src=\"https:\/\/blogsaverroes.juntadeandalucia.es\/jarillaciclo1\/files\/2025\/03\/IMG_7503-300x169.jpg\" class=\"attachment-medium size-medium\" alt=\"\" srcset=\"https:\/\/blogsaverroes.juntadeandalucia.es\/jarillaciclo1\/files\/2025\/03\/IMG_7503-300x169.jpg 300w, https:\/\/blogsaverroes.juntadeandalucia.es\/jarillaciclo1\/files\/2025\/03\/IMG_7503-1024x576.jpg 1024w, https:\/\/blogsaverroes.juntadeandalucia.es\/jarillaciclo1\/files\/2025\/03\/IMG_7503-768x432.jpg 768w, https:\/\/blogsaverroes.juntadeandalucia.es\/jarillaciclo1\/files\/2025\/03\/IMG_7503-1536x864.jpg 1536w, https:\/\/blogsaverroes.juntadeandalucia.es\/jarillaciclo1\/files\/2025\/03\/IMG_7503-2048x1152.jpg 2048w\" sizes=\"(max-width: 300px) 100vw, 300px\" \/><\/a>\n\t\t\t<\/dt><\/dl><dl class='gallery-item'>\n\t\t\t<dt class='gallery-icon landscape'>\n\t\t\t\t<a href='https:\/\/blogsaverroes.juntadeandalucia.es\/jarillaciclo1\/2025\/03\/25\/visita-del-alumnado-de-2o-al-conservatorio-de-musica\/img_7506\/'><img loading=\"lazy\" decoding=\"async\" width=\"300\" height=\"169\" src=\"https:\/\/blogsaverroes.juntadeandalucia.es\/jarillaciclo1\/files\/2025\/03\/IMG_7506-300x169.jpg\" class=\"attachment-medium size-medium\" alt=\"\" srcset=\"https:\/\/blogsaverroes.juntadeandalucia.es\/jarillaciclo1\/files\/2025\/03\/IMG_7506-300x169.jpg 300w, https:\/\/blogsaverroes.juntadeandalucia.es\/jarillaciclo1\/files\/2025\/03\/IMG_7506-1024x576.jpg 1024w, https:\/\/blogsaverroes.juntadeandalucia.es\/jarillaciclo1\/files\/2025\/03\/IMG_7506-768x432.jpg 768w, https:\/\/blogsaverroes.juntadeandalucia.es\/jarillaciclo1\/files\/2025\/03\/IMG_7506-1536x864.jpg 1536w, https:\/\/blogsaverroes.juntadeandalucia.es\/jarillaciclo1\/files\/2025\/03\/IMG_7506-2048x1152.jpg 2048w\" sizes=\"(max-width: 300px) 100vw, 300px\" \/><\/a>\n\t\t\t<\/dt><\/dl><dl class='gallery-item'>\n\t\t\t<dt class='gallery-icon landscape'>\n\t\t\t\t<a href='https:\/\/blogsaverroes.juntadeandalucia.es\/jarillaciclo1\/2025\/03\/25\/visita-del-alumnado-de-2o-al-conservatorio-de-musica\/img_7510\/'><img loading=\"lazy\" decoding=\"async\" width=\"300\" height=\"169\" src=\"https:\/\/blogsaverroes.juntadeandalucia.es\/jarillaciclo1\/files\/2025\/03\/IMG_7510-300x169.jpg\" class=\"attachment-medium size-medium\" alt=\"\" srcset=\"https:\/\/blogsaverroes.juntadeandalucia.es\/jarillaciclo1\/files\/2025\/03\/IMG_7510-300x169.jpg 300w, https:\/\/blogsaverroes.juntadeandalucia.es\/jarillaciclo1\/files\/2025\/03\/IMG_7510-1024x576.jpg 1024w, https:\/\/blogsaverroes.juntadeandalucia.es\/jarillaciclo1\/files\/2025\/03\/IMG_7510-768x432.jpg 768w, https:\/\/blogsaverroes.juntadeandalucia.es\/jarillaciclo1\/files\/2025\/03\/IMG_7510-1536x864.jpg 1536w, https:\/\/blogsaverroes.juntadeandalucia.es\/jarillaciclo1\/files\/2025\/03\/IMG_7510-2048x1152.jpg 2048w\" sizes=\"(max-width: 300px) 100vw, 300px\" \/><\/a>\n\t\t\t<\/dt><\/dl><br style=\"clear: both\" \/>\n\t\t<\/div>\n\n<p>&nbsp;<\/p>\n<p><strong><span style=\"color: #ff6600;font-size: 18pt\">SEGUNDO \u00abB\u00bb<\/span><\/strong><\/p>\n\n\t\t<style>\n\t\t\t#gallery-2 {\n\t\t\t\tmargin: auto;\n\t\t\t}\n\t\t\t#gallery-2 .gallery-item {\n\t\t\t\tfloat: left;\n\t\t\t\tmargin-top: 10px;\n\t\t\t\ttext-align: center;\n\t\t\t\twidth: 33%;\n\t\t\t}\n\t\t\t#gallery-2 img {\n\t\t\t\tborder: 2px solid #cfcfcf;\n\t\t\t}\n\t\t\t#gallery-2 .gallery-caption {\n\t\t\t\tmargin-left: 0;\n\t\t\t}\n\t\t\t\/* see gallery_shortcode() in wp-includes\/media.php *\/\n\t\t<\/style>\n\t\t<div id='gallery-2' class='gallery galleryid-212 gallery-columns-3 gallery-size-medium'><dl class='gallery-item'>\n\t\t\t<dt class='gallery-icon landscape'>\n\t\t\t\t<a href='https:\/\/blogsaverroes.juntadeandalucia.es\/jarillaciclo1\/2025\/03\/25\/visita-del-alumnado-de-2o-al-conservatorio-de-musica\/2-b\/'><img loading=\"lazy\" decoding=\"async\" width=\"300\" height=\"225\" src=\"https:\/\/blogsaverroes.juntadeandalucia.es\/jarillaciclo1\/files\/2025\/03\/2\u00b0-B-300x225.jpg\" class=\"attachment-medium size-medium\" alt=\"\" srcset=\"https:\/\/blogsaverroes.juntadeandalucia.es\/jarillaciclo1\/files\/2025\/03\/2\u00b0-B-300x225.jpg 300w, https:\/\/blogsaverroes.juntadeandalucia.es\/jarillaciclo1\/files\/2025\/03\/2\u00b0-B-1024x768.jpg 1024w, https:\/\/blogsaverroes.juntadeandalucia.es\/jarillaciclo1\/files\/2025\/03\/2\u00b0-B-768x576.jpg 768w, https:\/\/blogsaverroes.juntadeandalucia.es\/jarillaciclo1\/files\/2025\/03\/2\u00b0-B-1536x1152.jpg 1536w, https:\/\/blogsaverroes.juntadeandalucia.es\/jarillaciclo1\/files\/2025\/03\/2\u00b0-B.jpg 2048w\" sizes=\"(max-width: 300px) 100vw, 300px\" \/><\/a>\n\t\t\t<\/dt><\/dl><dl class='gallery-item'>\n\t\t\t<dt class='gallery-icon portrait'>\n\t\t\t\t<a href='https:\/\/blogsaverroes.juntadeandalucia.es\/jarillaciclo1\/2025\/03\/25\/visita-del-alumnado-de-2o-al-conservatorio-de-musica\/2-b-2\/'><img loading=\"lazy\" decoding=\"async\" width=\"225\" height=\"300\" src=\"https:\/\/blogsaverroes.juntadeandalucia.es\/jarillaciclo1\/files\/2025\/03\/2-B-225x300.jpg\" class=\"attachment-medium size-medium\" alt=\"\" srcset=\"https:\/\/blogsaverroes.juntadeandalucia.es\/jarillaciclo1\/files\/2025\/03\/2-B-225x300.jpg 225w, https:\/\/blogsaverroes.juntadeandalucia.es\/jarillaciclo1\/files\/2025\/03\/2-B-768x1024.jpg 768w, https:\/\/blogsaverroes.juntadeandalucia.es\/jarillaciclo1\/files\/2025\/03\/2-B-1152x1536.jpg 1152w, https:\/\/blogsaverroes.juntadeandalucia.es\/jarillaciclo1\/files\/2025\/03\/2-B-1536x2048.jpg 1536w, https:\/\/blogsaverroes.juntadeandalucia.es\/jarillaciclo1\/files\/2025\/03\/2-B-scaled.jpg 1920w\" sizes=\"(max-width: 225px) 100vw, 225px\" \/><\/a>\n\t\t\t<\/dt><\/dl><dl class='gallery-item'>\n\t\t\t<dt class='gallery-icon landscape'>\n\t\t\t\t<a href='https:\/\/blogsaverroes.juntadeandalucia.es\/jarillaciclo1\/2025\/03\/25\/visita-del-alumnado-de-2o-al-conservatorio-de-musica\/2-b-3\/'><img loading=\"lazy\" decoding=\"async\" width=\"300\" height=\"225\" src=\"https:\/\/blogsaverroes.juntadeandalucia.es\/jarillaciclo1\/files\/2025\/03\/2.-B-300x225.jpg\" class=\"attachment-medium size-medium\" alt=\"\" srcset=\"https:\/\/blogsaverroes.juntadeandalucia.es\/jarillaciclo1\/files\/2025\/03\/2.-B-300x225.jpg 300w, https:\/\/blogsaverroes.juntadeandalucia.es\/jarillaciclo1\/files\/2025\/03\/2.-B-1024x768.jpg 1024w, https:\/\/blogsaverroes.juntadeandalucia.es\/jarillaciclo1\/files\/2025\/03\/2.-B-768x576.jpg 768w, https:\/\/blogsaverroes.juntadeandalucia.es\/jarillaciclo1\/files\/2025\/03\/2.-B-1536x1152.jpg 1536w, https:\/\/blogsaverroes.juntadeandalucia.es\/jarillaciclo1\/files\/2025\/03\/2.-B.jpg 1600w\" sizes=\"(max-width: 300px) 100vw, 300px\" \/><\/a>\n\t\t\t<\/dt><\/dl><br style=\"clear: both\" \/><dl class='gallery-item'>\n\t\t\t<dt class='gallery-icon portrait'>\n\t\t\t\t<a href='https:\/\/blogsaverroes.juntadeandalucia.es\/jarillaciclo1\/2025\/03\/25\/visita-del-alumnado-de-2o-al-conservatorio-de-musica\/2-b-4\/'><img loading=\"lazy\" decoding=\"async\" width=\"225\" height=\"300\" src=\"https:\/\/blogsaverroes.juntadeandalucia.es\/jarillaciclo1\/files\/2025\/03\/2.-B-1-225x300.jpg\" class=\"attachment-medium size-medium\" alt=\"\" srcset=\"https:\/\/blogsaverroes.juntadeandalucia.es\/jarillaciclo1\/files\/2025\/03\/2.-B-1-225x300.jpg 225w, https:\/\/blogsaverroes.juntadeandalucia.es\/jarillaciclo1\/files\/2025\/03\/2.-B-1-768x1024.jpg 768w, https:\/\/blogsaverroes.juntadeandalucia.es\/jarillaciclo1\/files\/2025\/03\/2.-B-1-1152x1536.jpg 1152w, https:\/\/blogsaverroes.juntadeandalucia.es\/jarillaciclo1\/files\/2025\/03\/2.-B-1-1536x2048.jpg 1536w, https:\/\/blogsaverroes.juntadeandalucia.es\/jarillaciclo1\/files\/2025\/03\/2.-B-1-scaled.jpg 1920w\" sizes=\"(max-width: 225px) 100vw, 225px\" \/><\/a>\n\t\t\t<\/dt><\/dl><dl class='gallery-item'>\n\t\t\t<dt class='gallery-icon landscape'>\n\t\t\t\t<a href='https:\/\/blogsaverroes.juntadeandalucia.es\/jarillaciclo1\/2025\/03\/25\/visita-del-alumnado-de-2o-al-conservatorio-de-musica\/2-b-5\/'><img loading=\"lazy\" decoding=\"async\" width=\"300\" height=\"225\" src=\"https:\/\/blogsaverroes.juntadeandalucia.es\/jarillaciclo1\/files\/2025\/03\/2\u00b0-B-1-300x225.jpg\" class=\"attachment-medium size-medium\" alt=\"\" srcset=\"https:\/\/blogsaverroes.juntadeandalucia.es\/jarillaciclo1\/files\/2025\/03\/2\u00b0-B-1-300x225.jpg 300w, https:\/\/blogsaverroes.juntadeandalucia.es\/jarillaciclo1\/files\/2025\/03\/2\u00b0-B-1-1024x768.jpg 1024w, https:\/\/blogsaverroes.juntadeandalucia.es\/jarillaciclo1\/files\/2025\/03\/2\u00b0-B-1-768x576.jpg 768w, https:\/\/blogsaverroes.juntadeandalucia.es\/jarillaciclo1\/files\/2025\/03\/2\u00b0-B-1-1536x1152.jpg 1536w, https:\/\/blogsaverroes.juntadeandalucia.es\/jarillaciclo1\/files\/2025\/03\/2\u00b0-B-1-2048x1536.jpg 2048w\" sizes=\"(max-width: 300px) 100vw, 300px\" \/><\/a>\n\t\t\t<\/dt><\/dl><dl class='gallery-item'>\n\t\t\t<dt class='gallery-icon landscape'>\n\t\t\t\t<a href='https:\/\/blogsaverroes.juntadeandalucia.es\/jarillaciclo1\/2025\/03\/25\/visita-del-alumnado-de-2o-al-conservatorio-de-musica\/2-b-6\/'><img loading=\"lazy\" decoding=\"async\" width=\"300\" height=\"225\" src=\"https:\/\/blogsaverroes.juntadeandalucia.es\/jarillaciclo1\/files\/2025\/03\/2\u00b0-B-2-300x225.jpg\" class=\"attachment-medium size-medium\" alt=\"\" srcset=\"https:\/\/blogsaverroes.juntadeandalucia.es\/jarillaciclo1\/files\/2025\/03\/2\u00b0-B-2-300x225.jpg 300w, https:\/\/blogsaverroes.juntadeandalucia.es\/jarillaciclo1\/files\/2025\/03\/2\u00b0-B-2-1024x768.jpg 1024w, https:\/\/blogsaverroes.juntadeandalucia.es\/jarillaciclo1\/files\/2025\/03\/2\u00b0-B-2-768x576.jpg 768w, https:\/\/blogsaverroes.juntadeandalucia.es\/jarillaciclo1\/files\/2025\/03\/2\u00b0-B-2-1536x1152.jpg 1536w, https:\/\/blogsaverroes.juntadeandalucia.es\/jarillaciclo1\/files\/2025\/03\/2\u00b0-B-2-2048x1536.jpg 2048w\" sizes=\"(max-width: 300px) 100vw, 300px\" \/><\/a>\n\t\t\t<\/dt><\/dl><br style=\"clear: both\" \/><dl class='gallery-item'>\n\t\t\t<dt class='gallery-icon landscape'>\n\t\t\t\t<a href='https:\/\/blogsaverroes.juntadeandalucia.es\/jarillaciclo1\/2025\/03\/25\/visita-del-alumnado-de-2o-al-conservatorio-de-musica\/2-b-7\/'><img loading=\"lazy\" decoding=\"async\" width=\"300\" height=\"225\" src=\"https:\/\/blogsaverroes.juntadeandalucia.es\/jarillaciclo1\/files\/2025\/03\/2\u00b0.-B-300x225.jpg\" class=\"attachment-medium size-medium\" alt=\"\" srcset=\"https:\/\/blogsaverroes.juntadeandalucia.es\/jarillaciclo1\/files\/2025\/03\/2\u00b0.-B-300x225.jpg 300w, https:\/\/blogsaverroes.juntadeandalucia.es\/jarillaciclo1\/files\/2025\/03\/2\u00b0.-B-1024x768.jpg 1024w, https:\/\/blogsaverroes.juntadeandalucia.es\/jarillaciclo1\/files\/2025\/03\/2\u00b0.-B-768x576.jpg 768w, https:\/\/blogsaverroes.juntadeandalucia.es\/jarillaciclo1\/files\/2025\/03\/2\u00b0.-B-1536x1152.jpg 1536w, https:\/\/blogsaverroes.juntadeandalucia.es\/jarillaciclo1\/files\/2025\/03\/2\u00b0.-B-2048x1536.jpg 2048w\" sizes=\"(max-width: 300px) 100vw, 300px\" \/><\/a>\n\t\t\t<\/dt><\/dl><dl class='gallery-item'>\n\t\t\t<dt class='gallery-icon landscape'>\n\t\t\t\t<a href='https:\/\/blogsaverroes.juntadeandalucia.es\/jarillaciclo1\/2025\/03\/25\/visita-del-alumnado-de-2o-al-conservatorio-de-musica\/2b\/'><img loading=\"lazy\" decoding=\"async\" width=\"300\" height=\"225\" src=\"https:\/\/blogsaverroes.juntadeandalucia.es\/jarillaciclo1\/files\/2025\/03\/2\u00b0B-300x225.jpg\" class=\"attachment-medium size-medium\" alt=\"\" srcset=\"https:\/\/blogsaverroes.juntadeandalucia.es\/jarillaciclo1\/files\/2025\/03\/2\u00b0B-300x225.jpg 300w, https:\/\/blogsaverroes.juntadeandalucia.es\/jarillaciclo1\/files\/2025\/03\/2\u00b0B-1024x768.jpg 1024w, https:\/\/blogsaverroes.juntadeandalucia.es\/jarillaciclo1\/files\/2025\/03\/2\u00b0B-768x576.jpg 768w, https:\/\/blogsaverroes.juntadeandalucia.es\/jarillaciclo1\/files\/2025\/03\/2\u00b0B-1536x1152.jpg 1536w, https:\/\/blogsaverroes.juntadeandalucia.es\/jarillaciclo1\/files\/2025\/03\/2\u00b0B-2048x1536.jpg 2048w\" sizes=\"(max-width: 300px) 100vw, 300px\" \/><\/a>\n\t\t\t<\/dt><\/dl><dl class='gallery-item'>\n\t\t\t<dt class='gallery-icon landscape'>\n\t\t\t\t<a href='https:\/\/blogsaverroes.juntadeandalucia.es\/jarillaciclo1\/2025\/03\/25\/visita-del-alumnado-de-2o-al-conservatorio-de-musica\/2b-2\/'><img loading=\"lazy\" decoding=\"async\" width=\"300\" height=\"225\" src=\"https:\/\/blogsaverroes.juntadeandalucia.es\/jarillaciclo1\/files\/2025\/03\/2B-300x225.jpg\" class=\"attachment-medium size-medium\" alt=\"\" srcset=\"https:\/\/blogsaverroes.juntadeandalucia.es\/jarillaciclo1\/files\/2025\/03\/2B-300x225.jpg 300w, https:\/\/blogsaverroes.juntadeandalucia.es\/jarillaciclo1\/files\/2025\/03\/2B-1024x768.jpg 1024w, https:\/\/blogsaverroes.juntadeandalucia.es\/jarillaciclo1\/files\/2025\/03\/2B-768x576.jpg 768w, https:\/\/blogsaverroes.juntadeandalucia.es\/jarillaciclo1\/files\/2025\/03\/2B-1536x1152.jpg 1536w, https:\/\/blogsaverroes.juntadeandalucia.es\/jarillaciclo1\/files\/2025\/03\/2B-2048x1536.jpg 2048w\" sizes=\"(max-width: 300px) 100vw, 300px\" \/><\/a>\n\t\t\t<\/dt><\/dl><br style=\"clear: both\" \/><dl class='gallery-item'>\n\t\t\t<dt class='gallery-icon landscape'>\n\t\t\t\t<a href='https:\/\/blogsaverroes.juntadeandalucia.es\/jarillaciclo1\/2025\/03\/25\/visita-del-alumnado-de-2o-al-conservatorio-de-musica\/b\/'><img loading=\"lazy\" decoding=\"async\" width=\"300\" height=\"225\" src=\"https:\/\/blogsaverroes.juntadeandalucia.es\/jarillaciclo1\/files\/2025\/03\/B-300x225.jpg\" class=\"attachment-medium size-medium\" alt=\"\" srcset=\"https:\/\/blogsaverroes.juntadeandalucia.es\/jarillaciclo1\/files\/2025\/03\/B-300x225.jpg 300w, https:\/\/blogsaverroes.juntadeandalucia.es\/jarillaciclo1\/files\/2025\/03\/B-1024x768.jpg 1024w, https:\/\/blogsaverroes.juntadeandalucia.es\/jarillaciclo1\/files\/2025\/03\/B-768x576.jpg 768w, https:\/\/blogsaverroes.juntadeandalucia.es\/jarillaciclo1\/files\/2025\/03\/B-1536x1152.jpg 1536w, https:\/\/blogsaverroes.juntadeandalucia.es\/jarillaciclo1\/files\/2025\/03\/B.jpg 2048w\" sizes=\"(max-width: 300px) 100vw, 300px\" \/><\/a>\n\t\t\t<\/dt><\/dl><dl class='gallery-item'>\n\t\t\t<dt class='gallery-icon landscape'>\n\t\t\t\t<a href='https:\/\/blogsaverroes.juntadeandalucia.es\/jarillaciclo1\/2025\/03\/25\/visita-del-alumnado-de-2o-al-conservatorio-de-musica\/b-2\/'><img loading=\"lazy\" decoding=\"async\" width=\"300\" height=\"225\" src=\"https:\/\/blogsaverroes.juntadeandalucia.es\/jarillaciclo1\/files\/2025\/03\/B-1-300x225.jpg\" class=\"attachment-medium size-medium\" alt=\"\" srcset=\"https:\/\/blogsaverroes.juntadeandalucia.es\/jarillaciclo1\/files\/2025\/03\/B-1-300x225.jpg 300w, https:\/\/blogsaverroes.juntadeandalucia.es\/jarillaciclo1\/files\/2025\/03\/B-1-1024x768.jpg 1024w, https:\/\/blogsaverroes.juntadeandalucia.es\/jarillaciclo1\/files\/2025\/03\/B-1-768x576.jpg 768w, https:\/\/blogsaverroes.juntadeandalucia.es\/jarillaciclo1\/files\/2025\/03\/B-1-1536x1152.jpg 1536w, https:\/\/blogsaverroes.juntadeandalucia.es\/jarillaciclo1\/files\/2025\/03\/B-1.jpg 2048w\" sizes=\"(max-width: 300px) 100vw, 300px\" \/><\/a>\n\t\t\t<\/dt><\/dl><dl class='gallery-item'>\n\t\t\t<dt class='gallery-icon landscape'>\n\t\t\t\t<a href='https:\/\/blogsaverroes.juntadeandalucia.es\/jarillaciclo1\/2025\/03\/25\/visita-del-alumnado-de-2o-al-conservatorio-de-musica\/b-3\/'><img loading=\"lazy\" decoding=\"async\" width=\"300\" height=\"225\" src=\"https:\/\/blogsaverroes.juntadeandalucia.es\/jarillaciclo1\/files\/2025\/03\/B-2-300x225.jpg\" class=\"attachment-medium size-medium\" alt=\"\" srcset=\"https:\/\/blogsaverroes.juntadeandalucia.es\/jarillaciclo1\/files\/2025\/03\/B-2-300x225.jpg 300w, https:\/\/blogsaverroes.juntadeandalucia.es\/jarillaciclo1\/files\/2025\/03\/B-2-1024x768.jpg 1024w, https:\/\/blogsaverroes.juntadeandalucia.es\/jarillaciclo1\/files\/2025\/03\/B-2-768x576.jpg 768w, https:\/\/blogsaverroes.juntadeandalucia.es\/jarillaciclo1\/files\/2025\/03\/B-2-1536x1152.jpg 1536w, https:\/\/blogsaverroes.juntadeandalucia.es\/jarillaciclo1\/files\/2025\/03\/B-2.jpg 2048w\" sizes=\"(max-width: 300px) 100vw, 300px\" \/><\/a>\n\t\t\t<\/dt><\/dl><br style=\"clear: both\" \/>\n\t\t<\/div>\n\n","protected":false},"excerpt":{"rendered":"<p>Las dos clases de segundo de primaria realizaron la tradicional visita al Real Conservatorio Profesional de M\u00fasica de Almer\u00eda. El profesorado del conservatorio present\u00f3 las distintas familias de instrumentos, as\u00ed como ofrecieron informaci\u00f3n de&#46;&#46;&#46;<\/p>\n","protected":false},"author":19962,"featured_media":222,"comment_status":"open","ping_status":"open","sticky":false,"template":"","format":"standard","meta":{"ngg_post_thumbnail":0,"footnotes":""},"categories":[7],"tags":[],"aioseo_notices":[],"_links":{"self":[{"href":"https:\/\/blogsaverroes.juntadeandalucia.es\/jarillaciclo1\/wp-json\/wp\/v2\/posts\/212"}],"collection":[{"href":"https:\/\/blogsaverroes.juntadeandalucia.es\/jarillaciclo1\/wp-json\/wp\/v2\/posts"}],"about":[{"href":"https:\/\/blogsaverroes.juntadeandalucia.es\/jarillaciclo1\/wp-json\/wp\/v2\/types\/post"}],"author":[{"embeddable":true,"href":"https:\/\/blogsaverroes.juntadeandalucia.es\/jarillaciclo1\/wp-json\/wp\/v2\/users\/19962"}],"replies":[{"embeddable":true,"href":"https:\/\/blogsaverroes.juntadeandalucia.es\/jarillaciclo1\/wp-json\/wp\/v2\/comments?post=212"}],"version-history":[{"count":3,"href":"https:\/\/blogsaverroes.juntadeandalucia.es\/jarillaciclo1\/wp-json\/wp\/v2\/posts\/212\/revisions"}],"predecessor-version":[{"id":239,"href":"https:\/\/blogsaverroes.juntadeandalucia.es\/jarillaciclo1\/wp-json\/wp\/v2\/posts\/212\/revisions\/239"}],"wp:featuredmedia":[{"embeddable":true,"href":"https:\/\/blogsaverroes.juntadeandalucia.es\/jarillaciclo1\/wp-json\/wp\/v2\/media\/222"}],"wp:attachment":[{"href":"https:\/\/blogsaverroes.juntadeandalucia.es\/jarillaciclo1\/wp-json\/wp\/v2\/media?parent=212"}],"wp:term":[{"taxonomy":"category","embeddable":true,"href":"https:\/\/blogsaverroes.juntadeandalucia.es\/jarillaciclo1\/wp-json\/wp\/v2\/categories?post=212"},{"taxonomy":"post_tag","embeddable":true,"href":"https:\/\/blogsaverroes.juntadeandalucia.es\/jarillaciclo1\/wp-json\/wp\/v2\/tags?post=212"}],"curies":[{"name":"wp","href":"https:\/\/api.w.org\/{rel}","templated":true}]}}