{"id":286,"date":"2025-12-08T18:35:31","date_gmt":"2025-12-08T17:35:31","guid":{"rendered":"https:\/\/blogsaverroes.juntadeandalucia.es\/jarillaciclo1\/?p=286"},"modified":"2025-12-08T18:40:32","modified_gmt":"2025-12-08T17:40:32","slug":"visita-agricola-a-clisol","status":"publish","type":"post","link":"https:\/\/blogsaverroes.juntadeandalucia.es\/jarillaciclo1\/2025\/12\/08\/visita-agricola-a-clisol\/","title":{"rendered":"Visita agr\u00edcola a Clisol."},"content":{"rendered":"<p>El pasado 5 de diciembre el alumnado de 1\u00ba y 2\u00ba visit\u00f3 la explotaci\u00f3n agr\u00edcola ecol\u00f3gica Clisol. Con motivo del estudio de las plantas en el caso de 1\u00ba y de las profesiones en el de 2\u00ba, se organiz\u00f3 una salida para estudiar de primera mano la gran industria agr\u00edcola de nuestra provincia. El alumnado pudo observar las diferentes variedades vegetales de cultivo intensivo, as\u00ed como las pr\u00e1cticas de prevenci\u00f3n, las t\u00e9cnicas m\u00e1s avanzadas de aprovechamiento de recursos naturales,&nbsp; la flora y fauna beneficiosa para los cultivos. Finalmente, el alumnado degust\u00f3 una gran variedad de verduras como diferentes tomates cherry, tomate azul o pepinos snack.<\/p>\n<p>&nbsp;<\/p>\nngg_shortcode_0_placeholder\n<p style=\"text-align: center\">&nbsp;<\/p>\n<p style=\"text-align: center\">&nbsp;<\/p>\n","protected":false},"excerpt":{"rendered":"<p>El pasado 5 de diciembre el alumnado de 1\u00ba y 2\u00ba visit\u00f3 la explotaci\u00f3n agr\u00edcola ecol\u00f3gica Clisol. Con motivo del estudio de las plantas en el caso de 1\u00ba y de las profesiones en&#46;&#46;&#46;<\/p>\n","protected":false},"author":19962,"featured_media":313,"comment_status":"open","ping_status":"open","sticky":false,"template":"","format":"standard","meta":{"ngg_post_thumbnail":0,"footnotes":""},"categories":[11],"tags":[],"aioseo_notices":[],"_links":{"self":[{"href":"https:\/\/blogsaverroes.juntadeandalucia.es\/jarillaciclo1\/wp-json\/wp\/v2\/posts\/286"}],"collection":[{"href":"https:\/\/blogsaverroes.juntadeandalucia.es\/jarillaciclo1\/wp-json\/wp\/v2\/posts"}],"about":[{"href":"https:\/\/blogsaverroes.juntadeandalucia.es\/jarillaciclo1\/wp-json\/wp\/v2\/types\/post"}],"author":[{"embeddable":true,"href":"https:\/\/blogsaverroes.juntadeandalucia.es\/jarillaciclo1\/wp-json\/wp\/v2\/users\/19962"}],"replies":[{"embeddable":true,"href":"https:\/\/blogsaverroes.juntadeandalucia.es\/jarillaciclo1\/wp-json\/wp\/v2\/comments?post=286"}],"version-history":[{"count":2,"href":"https:\/\/blogsaverroes.juntadeandalucia.es\/jarillaciclo1\/wp-json\/wp\/v2\/posts\/286\/revisions"}],"predecessor-version":[{"id":374,"href":"https:\/\/blogsaverroes.juntadeandalucia.es\/jarillaciclo1\/wp-json\/wp\/v2\/posts\/286\/revisions\/374"}],"wp:featuredmedia":[{"embeddable":true,"href":"https:\/\/blogsaverroes.juntadeandalucia.es\/jarillaciclo1\/wp-json\/wp\/v2\/media\/313"}],"wp:attachment":[{"href":"https:\/\/blogsaverroes.juntadeandalucia.es\/jarillaciclo1\/wp-json\/wp\/v2\/media?parent=286"}],"wp:term":[{"taxonomy":"category","embeddable":true,"href":"https:\/\/blogsaverroes.juntadeandalucia.es\/jarillaciclo1\/wp-json\/wp\/v2\/categories?post=286"},{"taxonomy":"post_tag","embeddable":true,"href":"https:\/\/blogsaverroes.juntadeandalucia.es\/jarillaciclo1\/wp-json\/wp\/v2\/tags?post=286"}],"curies":[{"name":"wp","href":"https:\/\/api.w.org\/{rel}","templated":true}]}}