{"id":1944,"date":"2023-01-30T13:48:21","date_gmt":"2023-01-30T12:48:21","guid":{"rendered":"https:\/\/blogsaverroes.juntadeandalucia.es\/jhalcausa\/?p=1944"},"modified":"2023-01-30T13:48:21","modified_gmt":"2023-01-30T12:48:21","slug":"dia-de-la-paz","status":"publish","type":"post","link":"https:\/\/blogsaverroes.juntadeandalucia.es\/jhalcausa\/dia-de-la-paz\/","title":{"rendered":"D\u00eda de la paz"},"content":{"rendered":"<p>Hoy es el d\u00eda escolar de la Paz y la no violencia. En clase estamos trabaj\u00e1ndolo desde hace varios d\u00edas.<\/p>\n<p>Cada alumno\/a ha escrito un deseo de paz en una gota y hemos decorado parte del centro con ellas. Antes del recreo, hemos salido al patio y hemos escuchado la canci\u00f3n &#8220;Imagine&#8221;, de John Lennon. Y dos alumnos de 3\u00b0 han le\u00eddo un manifiesto por la paz muy emotivo. Os lo dejamos por aqu\u00ed para que pod\u00e1is leerlo en casa.<\/p>\n<p>Como dice el manifiesto,<span style=\"color: #00ccff\"><strong> LA PAZ ES TAREA DE TODOS. OTRO MUNDO S\u00cd ES POSIBLE. FELIZ D\u00cdA DE LA PAZ<\/strong><\/span>.<\/p>\n\n\t\t<style type=\"text\/css\">\n\t\t\t#gallery-1 {\n\t\t\t\tmargin: auto;\n\t\t\t}\n\t\t\t#gallery-1 .gallery-item {\n\t\t\t\tfloat: left;\n\t\t\t\tmargin-top: 10px;\n\t\t\t\ttext-align: center;\n\t\t\t\twidth: 33%;\n\t\t\t}\n\t\t\t#gallery-1 img {\n\t\t\t\tborder: 2px solid #cfcfcf;\n\t\t\t}\n\t\t\t#gallery-1 .gallery-caption {\n\t\t\t\tmargin-left: 0;\n\t\t\t}\n\t\t\t\/* see gallery_shortcode() in wp-includes\/media.php *\/\n\t\t<\/style>\n\t\t<div id='gallery-1' class='gallery galleryid-1944 gallery-columns-3 gallery-size-thumbnail'><dl class='gallery-item'>\n\t\t\t<dt class='gallery-icon landscape'>\n\t\t\t\t<a href='https:\/\/blogsaverroes.juntadeandalucia.es\/jhalcausa\/dia-de-la-paz\/photo_5962795267491215675_y\/'><img loading=\"lazy\" decoding=\"async\" width=\"150\" height=\"150\" src=\"https:\/\/blogsaverroes.juntadeandalucia.es\/jhalcausa\/files\/2023\/01\/photo_5962795267491215675_y-150x150.jpg\" class=\"attachment-thumbnail size-thumbnail\" alt=\"\" \/><\/a>\n\t\t\t<\/dt><\/dl><dl class='gallery-item'>\n\t\t\t<dt class='gallery-icon landscape'>\n\t\t\t\t<a href='https:\/\/blogsaverroes.juntadeandalucia.es\/jhalcausa\/dia-de-la-paz\/photo_5962795267491215676_y\/'><img loading=\"lazy\" decoding=\"async\" width=\"150\" height=\"150\" src=\"https:\/\/blogsaverroes.juntadeandalucia.es\/jhalcausa\/files\/2023\/01\/photo_5962795267491215676_y-150x150.jpg\" class=\"attachment-thumbnail size-thumbnail\" alt=\"\" \/><\/a>\n\t\t\t<\/dt><\/dl><dl class='gallery-item'>\n\t\t\t<dt class='gallery-icon landscape'>\n\t\t\t\t<a href='https:\/\/blogsaverroes.juntadeandalucia.es\/jhalcausa\/dia-de-la-paz\/photo_5962795267491215674_y\/'><img loading=\"lazy\" decoding=\"async\" width=\"150\" height=\"150\" src=\"https:\/\/blogsaverroes.juntadeandalucia.es\/jhalcausa\/files\/2023\/01\/photo_5962795267491215674_y-150x150.jpg\" class=\"attachment-thumbnail size-thumbnail\" alt=\"\" \/><\/a>\n\t\t\t<\/dt><\/dl><br style=\"clear: both\" \/><dl class='gallery-item'>\n\t\t\t<dt class='gallery-icon landscape'>\n\t\t\t\t<a href='https:\/\/blogsaverroes.juntadeandalucia.es\/jhalcausa\/dia-de-la-paz\/photo_5962795267491215673_y\/'><img loading=\"lazy\" decoding=\"async\" width=\"150\" height=\"150\" src=\"https:\/\/blogsaverroes.juntadeandalucia.es\/jhalcausa\/files\/2023\/01\/photo_5962795267491215673_y-150x150.jpg\" class=\"attachment-thumbnail size-thumbnail\" alt=\"\" \/><\/a>\n\t\t\t<\/dt><\/dl><dl class='gallery-item'>\n\t\t\t<dt class='gallery-icon landscape'>\n\t\t\t\t<a href='https:\/\/blogsaverroes.juntadeandalucia.es\/jhalcausa\/dia-de-la-paz\/photo_5962795267491215672_y\/'><img loading=\"lazy\" decoding=\"async\" width=\"150\" height=\"150\" src=\"https:\/\/blogsaverroes.juntadeandalucia.es\/jhalcausa\/files\/2023\/01\/photo_5962795267491215672_y-150x150.jpg\" class=\"attachment-thumbnail size-thumbnail\" alt=\"\" \/><\/a>\n\t\t\t<\/dt><\/dl><dl class='gallery-item'>\n\t\t\t<dt class='gallery-icon landscape'>\n\t\t\t\t<a href='https:\/\/blogsaverroes.juntadeandalucia.es\/jhalcausa\/dia-de-la-paz\/photo_5962795267491215671_y\/'><img loading=\"lazy\" decoding=\"async\" width=\"150\" height=\"150\" src=\"https:\/\/blogsaverroes.juntadeandalucia.es\/jhalcausa\/files\/2023\/01\/photo_5962795267491215671_y-150x150.jpg\" class=\"attachment-thumbnail size-thumbnail\" alt=\"\" \/><\/a>\n\t\t\t<\/dt><\/dl><br style=\"clear: both\" \/><dl class='gallery-item'>\n\t\t\t<dt class='gallery-icon portrait'>\n\t\t\t\t<a href='https:\/\/blogsaverroes.juntadeandalucia.es\/jhalcausa\/dia-de-la-paz\/photo_5962795267491215677_y\/'><img loading=\"lazy\" decoding=\"async\" width=\"150\" height=\"150\" src=\"https:\/\/blogsaverroes.juntadeandalucia.es\/jhalcausa\/files\/2023\/01\/photo_5962795267491215677_y-150x150.jpg\" class=\"attachment-thumbnail size-thumbnail\" alt=\"\" \/><\/a>\n\t\t\t<\/dt><\/dl>\n\t\t\t<br style='clear: both' \/>\n\t\t<\/div>\n\n","protected":false},"excerpt":{"rendered":"<p>Hoy es el d\u00eda escolar de la Paz y la no violencia. En clase estamos trabaj\u00e1ndolo desde hace varios d\u00edas. Cada alumno\/a ha escrito un deseo de paz en una gota y hemos decorado parte del centro con ellas. Antes del recreo, hemos salido al patio y hemos escuchado la canci\u00f3n &#8220;Imagine&#8221;, de John Lennon. [&hellip;]<\/p>\n","protected":false},"author":13306,"featured_media":1949,"comment_status":"closed","ping_status":"open","sticky":false,"template":"","format":"standard","meta":{"_et_pb_use_builder":"","_et_pb_old_content":"","_et_gb_content_width":"","ngg_post_thumbnail":0,"footnotes":""},"categories":[3,4],"tags":[],"aioseo_notices":[],"_links":{"self":[{"href":"https:\/\/blogsaverroes.juntadeandalucia.es\/jhalcausa\/wp-json\/wp\/v2\/posts\/1944"}],"collection":[{"href":"https:\/\/blogsaverroes.juntadeandalucia.es\/jhalcausa\/wp-json\/wp\/v2\/posts"}],"about":[{"href":"https:\/\/blogsaverroes.juntadeandalucia.es\/jhalcausa\/wp-json\/wp\/v2\/types\/post"}],"author":[{"embeddable":true,"href":"https:\/\/blogsaverroes.juntadeandalucia.es\/jhalcausa\/wp-json\/wp\/v2\/users\/13306"}],"replies":[{"embeddable":true,"href":"https:\/\/blogsaverroes.juntadeandalucia.es\/jhalcausa\/wp-json\/wp\/v2\/comments?post=1944"}],"version-history":[{"count":1,"href":"https:\/\/blogsaverroes.juntadeandalucia.es\/jhalcausa\/wp-json\/wp\/v2\/posts\/1944\/revisions"}],"predecessor-version":[{"id":1952,"href":"https:\/\/blogsaverroes.juntadeandalucia.es\/jhalcausa\/wp-json\/wp\/v2\/posts\/1944\/revisions\/1952"}],"wp:featuredmedia":[{"embeddable":true,"href":"https:\/\/blogsaverroes.juntadeandalucia.es\/jhalcausa\/wp-json\/wp\/v2\/media\/1949"}],"wp:attachment":[{"href":"https:\/\/blogsaverroes.juntadeandalucia.es\/jhalcausa\/wp-json\/wp\/v2\/media?parent=1944"}],"wp:term":[{"taxonomy":"category","embeddable":true,"href":"https:\/\/blogsaverroes.juntadeandalucia.es\/jhalcausa\/wp-json\/wp\/v2\/categories?post=1944"},{"taxonomy":"post_tag","embeddable":true,"href":"https:\/\/blogsaverroes.juntadeandalucia.es\/jhalcausa\/wp-json\/wp\/v2\/tags?post=1944"}],"curies":[{"name":"wp","href":"https:\/\/api.w.org\/{rel}","templated":true}]}}