{"id":55,"date":"2015-05-21T19:54:57","date_gmt":"2015-05-21T19:54:57","guid":{"rendered":"http:\/\/blogsaverroes.juntadeandalucia.es\/jimenaforkids\/?p=55"},"modified":"2015-05-21T20:04:08","modified_gmt":"2015-05-21T20:04:08","slug":"sesion-1a","status":"publish","type":"post","link":"https:\/\/blogsaverroes.juntadeandalucia.es\/jimenaforkids\/2015\/05\/21\/sesion-1a\/","title":{"rendered":"COMENZAMOS A ORGANIZARNOS. SESI\u00d3N 1\u00aa"},"content":{"rendered":"<p>En la primera sesi\u00f3n ,ya con el grupo de investigadores, establecimos en que consist\u00eda el proyecto y empezamos a disfrutar de las ideas que aportaban. Vamos a crear una Gu\u00eda tur\u00edstica de Jimena para ni\u00f1os y ni\u00f1as. <\/p>\n<p>En el momento en el que el grupo conoci\u00f3 la idea surgieron situaciones que denotaban m\u00e1xima motivaci\u00f3n. \u00a1 Mi t\u00edo trabaja en el camping!, \u00a1yo puedo habar con mi padre que tiene una panader\u00eda !, \u00a1 tenemos que ense\u00f1ar el r\u00edo y el castillo!.<\/p>\n<p> Fue una sesi\u00f3n desarrollada en el centro para establecer que cre\u00edan ellos que deber\u00eda tener la gu\u00eda, que lugares deb\u00edamos analizar y mostrar al resto de ni\u00f1os y ni\u00f1as para que viniesen a Jimena a disfrutar. Adem\u00e1s de los lugares Soraya explic\u00f3 que tambi\u00e9n podr\u00edamos incluir las actividades que pueden hacer, Zamara coment\u00f3 que su padre ten\u00eda un campo donde se fabricaba los \u00abbrezos\u00bb y que podr\u00edamos ir a entrevistarlo. Cati dijo que ella conoc\u00eda a Gabriel de el  AN\u00d3N ( restaurante y hotel ) y tambi\u00e9n podr\u00edamos ir a entrevistarlo. Jos\u00e9 Ram\u00f3n y Ra\u00fal destacaron las instalaciones deportivas que tiene Jimena y afirmaron que deber\u00edamos mostrarlas tambi\u00e9n. <\/p>\n<p>Establecimos una organizaci\u00f3n inicial, colocamos todos las actividades y lugares a mostrar en la pizarra y luego los \u00edbamos organizando por tem\u00e1ticas y por proximidad. En esta sesi\u00f3n surgi\u00f3 preparar una entrevista al due\u00f1o de el AN\u00d3N y el siguiente viernes ir\u00edamos a realizarla. Otro aspecto que a todos les pareci\u00f3 importante es hacer una ruta de parques infantiles, -\u00a1 y de camino grabamos como est\u00e1n y se lo ense\u00f1amos al ayuntamiento!- dijo Julia. De esta forma quedamos para el viernes siguiente.<\/p>\n","protected":false},"excerpt":{"rendered":"<p>En la primera sesi\u00f3n ,ya con el grupo de investigadores, establecimos en que consist\u00eda el proyecto y empezamos a disfrutar de las ideas que aportaban. Vamos a crear una Gu\u00eda tur\u00edstica de Jimena para&#46;&#46;&#46;<\/p>\n","protected":false},"author":1785,"featured_media":0,"comment_status":"closed","ping_status":"open","sticky":false,"template":"","format":"standard","meta":{"ngg_post_thumbnail":0,"footnotes":""},"categories":[11909,304462],"tags":[],"aioseo_notices":[],"_links":{"self":[{"href":"https:\/\/blogsaverroes.juntadeandalucia.es\/jimenaforkids\/wp-json\/wp\/v2\/posts\/55"}],"collection":[{"href":"https:\/\/blogsaverroes.juntadeandalucia.es\/jimenaforkids\/wp-json\/wp\/v2\/posts"}],"about":[{"href":"https:\/\/blogsaverroes.juntadeandalucia.es\/jimenaforkids\/wp-json\/wp\/v2\/types\/post"}],"author":[{"embeddable":true,"href":"https:\/\/blogsaverroes.juntadeandalucia.es\/jimenaforkids\/wp-json\/wp\/v2\/users\/1785"}],"replies":[{"embeddable":true,"href":"https:\/\/blogsaverroes.juntadeandalucia.es\/jimenaforkids\/wp-json\/wp\/v2\/comments?post=55"}],"version-history":[{"count":2,"href":"https:\/\/blogsaverroes.juntadeandalucia.es\/jimenaforkids\/wp-json\/wp\/v2\/posts\/55\/revisions"}],"predecessor-version":[{"id":64,"href":"https:\/\/blogsaverroes.juntadeandalucia.es\/jimenaforkids\/wp-json\/wp\/v2\/posts\/55\/revisions\/64"}],"wp:attachment":[{"href":"https:\/\/blogsaverroes.juntadeandalucia.es\/jimenaforkids\/wp-json\/wp\/v2\/media?parent=55"}],"wp:term":[{"taxonomy":"category","embeddable":true,"href":"https:\/\/blogsaverroes.juntadeandalucia.es\/jimenaforkids\/wp-json\/wp\/v2\/categories?post=55"},{"taxonomy":"post_tag","embeddable":true,"href":"https:\/\/blogsaverroes.juntadeandalucia.es\/jimenaforkids\/wp-json\/wp\/v2\/tags?post=55"}],"curies":[{"name":"wp","href":"https:\/\/api.w.org\/{rel}","templated":true}]}}