{"id":103,"date":"2021-12-03T16:20:18","date_gmt":"2021-12-03T16:20:18","guid":{"rendered":"https:\/\/blogsaverroes.juntadeandalucia.es\/jma3\/?p=103"},"modified":"2022-01-04T12:48:10","modified_gmt":"2022-01-04T12:48:10","slug":"dia-de-la-discapacidad","status":"publish","type":"post","link":"https:\/\/blogsaverroes.juntadeandalucia.es\/jma3\/2021\/12\/03\/dia-de-la-discapacidad\/","title":{"rendered":"D\u00cdA DE LA DISCAPACIDAD"},"content":{"rendered":"<p><span style=\"font-family: 'comic sans ms', sans-serif\">Esta semana con motivo del d\u00eda 3 de Diciembre, d\u00eda de la discapacidad, se han organizado desde el Departamento de Orientaci\u00f3n diversidad de actividades.<\/span><\/p>\n<p><span style=\"font-family: 'comic sans ms', sans-serif\">Comenzamos trabajando en las tutor\u00edas un diario, en el que cada d\u00eda los alumnos se levantaban con un tipo de discapacidad.<\/span><\/p>\n<p><span style=\"font-family: 'comic sans ms', sans-serif\">Pincha <a href=\"https:\/\/docs.google.com\/document\/d\/1QDFzmEg6tNBlq3_kvlwzQC7uPh000ylq2LjJ3yveO58\/edit?usp=sharing\">aqu\u00ed<\/a> para acceder a dicho diario<\/span><\/p>\n<p><span style=\"font-family: 'comic sans ms', sans-serif\">Posteriormente al trabajo del diario se han realizado pr\u00e1cticas de desplazamiento por el centro con los ojos vendados y de pintura con la boca.<\/span><\/p>\n<p><span style=\"font-family: 'comic sans ms', sans-serif\">Por otro lado queremos agradecer al profesorado de Educaci\u00f3n F\u00edsica, que ha colaborado con nosotros, practicando deportes adaptados, as\u00ed, han practicado dos deportes adaptados dise\u00f1ados para las personas con discapacidad.<\/span><\/p>\n<p><span style=\"font-family: 'comic sans ms', sans-serif\">-Goalball: practicado por personas con ceguera .<\/span><\/p>\n<p><span style=\"font-family: 'comic sans ms', sans-serif\">-Boccia: inicialmente jugado por deportistas con par\u00e1lisis cerebral, pero actualmente puede ser jugado por deportistas en sillas de ruedas con discapacidades totales o parciales en sus extremidades.<\/span><\/p>\n<p><span style=\"font-family: 'comic sans ms', sans-serif\">La semana ha concluido con la realizaci\u00f3n de un mural y como broche final, una actividad de Inclusi\u00f3n Inversa, han sido el alumnado de las aulas ordinarias las que han visitado nuestra aula de autonom\u00eda para realizar un desayuno junto con las maestras y alumnas del aula espec\u00edfica.<\/span><\/p>\n<p><span style=\"font-family: 'comic sans ms', sans-serif\">Gracias a todo el claustro y al equipo educativo por permitir y ayudar a que estas actividades se hayan podido llevar a cabo.<\/span><\/p>\nngg_shortcode_0_placeholder\n","protected":false},"excerpt":{"rendered":"<p>Esta semana con motivo del d\u00eda 3 de Diciembre, d\u00eda de la discapacidad, se han organizado desde el Departamento de Orientaci\u00f3n diversidad de actividades. Comenzamos trabajando en las tutor\u00edas un diario, en el que&#46;&#46;&#46;<\/p>\n","protected":false},"author":14087,"featured_media":104,"comment_status":"open","ping_status":"open","sticky":false,"template":"","format":"standard","meta":{"ngg_post_thumbnail":0,"footnotes":""},"categories":[1],"tags":[],"aioseo_notices":[],"_links":{"self":[{"href":"https:\/\/blogsaverroes.juntadeandalucia.es\/jma3\/wp-json\/wp\/v2\/posts\/103"}],"collection":[{"href":"https:\/\/blogsaverroes.juntadeandalucia.es\/jma3\/wp-json\/wp\/v2\/posts"}],"about":[{"href":"https:\/\/blogsaverroes.juntadeandalucia.es\/jma3\/wp-json\/wp\/v2\/types\/post"}],"author":[{"embeddable":true,"href":"https:\/\/blogsaverroes.juntadeandalucia.es\/jma3\/wp-json\/wp\/v2\/users\/14087"}],"replies":[{"embeddable":true,"href":"https:\/\/blogsaverroes.juntadeandalucia.es\/jma3\/wp-json\/wp\/v2\/comments?post=103"}],"version-history":[{"count":7,"href":"https:\/\/blogsaverroes.juntadeandalucia.es\/jma3\/wp-json\/wp\/v2\/posts\/103\/revisions"}],"predecessor-version":[{"id":129,"href":"https:\/\/blogsaverroes.juntadeandalucia.es\/jma3\/wp-json\/wp\/v2\/posts\/103\/revisions\/129"}],"wp:featuredmedia":[{"embeddable":true,"href":"https:\/\/blogsaverroes.juntadeandalucia.es\/jma3\/wp-json\/wp\/v2\/media\/104"}],"wp:attachment":[{"href":"https:\/\/blogsaverroes.juntadeandalucia.es\/jma3\/wp-json\/wp\/v2\/media?parent=103"}],"wp:term":[{"taxonomy":"category","embeddable":true,"href":"https:\/\/blogsaverroes.juntadeandalucia.es\/jma3\/wp-json\/wp\/v2\/categories?post=103"},{"taxonomy":"post_tag","embeddable":true,"href":"https:\/\/blogsaverroes.juntadeandalucia.es\/jma3\/wp-json\/wp\/v2\/tags?post=103"}],"curies":[{"name":"wp","href":"https:\/\/api.w.org\/{rel}","templated":true}]}}