{"id":2945,"date":"2022-03-29T19:59:27","date_gmt":"2022-03-29T19:59:27","guid":{"rendered":"https:\/\/blogsaverroes.juntadeandalucia.es\/josefinabarosoler\/?p=2945"},"modified":"2022-05-02T17:25:20","modified_gmt":"2022-05-02T17:25:20","slug":"impulsa-iii-taller-de-cocina","status":"publish","type":"post","link":"https:\/\/blogsaverroes.juntadeandalucia.es\/josefinabarosoler\/impulsa-iii-taller-de-cocina\/","title":{"rendered":"Impulsa III &#8211; Taller de cocina &#8211; 2\u00ba de Primaria"},"content":{"rendered":"<p><a href=\"https:\/\/blogsaverroes.juntadeandalucia.es\/josefinabarosoler\/files\/2022\/03\/2\u00ba-en-el-aula.jpg\"><img loading=\"lazy\" decoding=\"async\" class=\"alignleft size-medium wp-image-2982\" src=\"https:\/\/blogsaverroes.juntadeandalucia.es\/josefinabarosoler\/files\/2022\/03\/2\u00ba-en-el-aula-300x135.jpg\" alt=\"\" width=\"300\" height=\"135\" srcset=\"https:\/\/blogsaverroes.juntadeandalucia.es\/josefinabarosoler\/files\/2022\/03\/2\u00ba-en-el-aula-300x135.jpg 300w, https:\/\/blogsaverroes.juntadeandalucia.es\/josefinabarosoler\/files\/2022\/03\/2\u00ba-en-el-aula-1024x461.jpg 1024w, https:\/\/blogsaverroes.juntadeandalucia.es\/josefinabarosoler\/files\/2022\/03\/2\u00ba-en-el-aula-768x346.jpg 768w, https:\/\/blogsaverroes.juntadeandalucia.es\/josefinabarosoler\/files\/2022\/03\/2\u00ba-en-el-aula-1536x691.jpg 1536w, https:\/\/blogsaverroes.juntadeandalucia.es\/josefinabarosoler\/files\/2022\/03\/2\u00ba-en-el-aula.jpg 1600w\" sizes=\"(max-width: 300px) 100vw, 300px\" \/><\/a> <a href=\"https:\/\/blogsaverroes.juntadeandalucia.es\/josefinabarosoler\/files\/2022\/03\/2\u00ba-en-el-comedor.jpg\"><img loading=\"lazy\" decoding=\"async\" class=\"alignleft size-medium wp-image-2983\" src=\"https:\/\/blogsaverroes.juntadeandalucia.es\/josefinabarosoler\/files\/2022\/03\/2\u00ba-en-el-comedor-300x135.jpg\" alt=\"\" width=\"300\" height=\"135\" srcset=\"https:\/\/blogsaverroes.juntadeandalucia.es\/josefinabarosoler\/files\/2022\/03\/2\u00ba-en-el-comedor-300x135.jpg 300w, https:\/\/blogsaverroes.juntadeandalucia.es\/josefinabarosoler\/files\/2022\/03\/2\u00ba-en-el-comedor-1024x461.jpg 1024w, https:\/\/blogsaverroes.juntadeandalucia.es\/josefinabarosoler\/files\/2022\/03\/2\u00ba-en-el-comedor-768x346.jpg 768w, https:\/\/blogsaverroes.juntadeandalucia.es\/josefinabarosoler\/files\/2022\/03\/2\u00ba-en-el-comedor-1536x691.jpg 1536w, https:\/\/blogsaverroes.juntadeandalucia.es\/josefinabarosoler\/files\/2022\/03\/2\u00ba-en-el-comedor.jpg 1600w\" sizes=\"(max-width: 300px) 100vw, 300px\" \/><\/a> <a href=\"https:\/\/blogsaverroes.juntadeandalucia.es\/josefinabarosoler\/files\/2022\/03\/2\u00ba-en-el-comedor-II.jpg\"><img loading=\"lazy\" decoding=\"async\" class=\"alignleft size-medium wp-image-2984\" src=\"https:\/\/blogsaverroes.juntadeandalucia.es\/josefinabarosoler\/files\/2022\/03\/2\u00ba-en-el-comedor-II-300x135.jpg\" alt=\"\" width=\"300\" height=\"135\" srcset=\"https:\/\/blogsaverroes.juntadeandalucia.es\/josefinabarosoler\/files\/2022\/03\/2\u00ba-en-el-comedor-II-300x135.jpg 300w, https:\/\/blogsaverroes.juntadeandalucia.es\/josefinabarosoler\/files\/2022\/03\/2\u00ba-en-el-comedor-II-1024x461.jpg 1024w, https:\/\/blogsaverroes.juntadeandalucia.es\/josefinabarosoler\/files\/2022\/03\/2\u00ba-en-el-comedor-II-768x346.jpg 768w, https:\/\/blogsaverroes.juntadeandalucia.es\/josefinabarosoler\/files\/2022\/03\/2\u00ba-en-el-comedor-II-1536x691.jpg 1536w, https:\/\/blogsaverroes.juntadeandalucia.es\/josefinabarosoler\/files\/2022\/03\/2\u00ba-en-el-comedor-II.jpg 1600w\" sizes=\"(max-width: 300px) 100vw, 300px\" \/><\/a> <a href=\"https:\/\/blogsaverroes.juntadeandalucia.es\/josefinabarosoler\/files\/2022\/03\/2\u00ba-cortando-verdura.jpg\"><img loading=\"lazy\" decoding=\"async\" class=\"alignleft size-medium wp-image-2985\" src=\"https:\/\/blogsaverroes.juntadeandalucia.es\/josefinabarosoler\/files\/2022\/03\/2\u00ba-cortando-verdura-300x135.jpg\" alt=\"\" width=\"300\" height=\"135\" srcset=\"https:\/\/blogsaverroes.juntadeandalucia.es\/josefinabarosoler\/files\/2022\/03\/2\u00ba-cortando-verdura-300x135.jpg 300w, https:\/\/blogsaverroes.juntadeandalucia.es\/josefinabarosoler\/files\/2022\/03\/2\u00ba-cortando-verdura-1024x461.jpg 1024w, https:\/\/blogsaverroes.juntadeandalucia.es\/josefinabarosoler\/files\/2022\/03\/2\u00ba-cortando-verdura-768x346.jpg 768w, https:\/\/blogsaverroes.juntadeandalucia.es\/josefinabarosoler\/files\/2022\/03\/2\u00ba-cortando-verdura-1536x691.jpg 1536w, https:\/\/blogsaverroes.juntadeandalucia.es\/josefinabarosoler\/files\/2022\/03\/2\u00ba-cortando-verdura.jpg 1600w\" sizes=\"(max-width: 300px) 100vw, 300px\" \/><\/a> <a href=\"https:\/\/blogsaverroes.juntadeandalucia.es\/josefinabarosoler\/files\/2022\/03\/2\u00ba-cortando-verdura-II.jpg\"><img loading=\"lazy\" decoding=\"async\" class=\"alignleft size-medium wp-image-2986\" src=\"https:\/\/blogsaverroes.juntadeandalucia.es\/josefinabarosoler\/files\/2022\/03\/2\u00ba-cortando-verdura-II-300x135.jpg\" alt=\"\" width=\"300\" height=\"135\" srcset=\"https:\/\/blogsaverroes.juntadeandalucia.es\/josefinabarosoler\/files\/2022\/03\/2\u00ba-cortando-verdura-II-300x135.jpg 300w, https:\/\/blogsaverroes.juntadeandalucia.es\/josefinabarosoler\/files\/2022\/03\/2\u00ba-cortando-verdura-II-1024x461.jpg 1024w, https:\/\/blogsaverroes.juntadeandalucia.es\/josefinabarosoler\/files\/2022\/03\/2\u00ba-cortando-verdura-II-768x346.jpg 768w, https:\/\/blogsaverroes.juntadeandalucia.es\/josefinabarosoler\/files\/2022\/03\/2\u00ba-cortando-verdura-II-1536x691.jpg 1536w, https:\/\/blogsaverroes.juntadeandalucia.es\/josefinabarosoler\/files\/2022\/03\/2\u00ba-cortando-verdura-II.jpg 1600w\" sizes=\"(max-width: 300px) 100vw, 300px\" \/><\/a> <a href=\"https:\/\/blogsaverroes.juntadeandalucia.es\/josefinabarosoler\/files\/2022\/03\/2\u00ba-con-la-receta-hecha.jpg\"><img loading=\"lazy\" decoding=\"async\" class=\"alignleft size-medium wp-image-2987\" src=\"https:\/\/blogsaverroes.juntadeandalucia.es\/josefinabarosoler\/files\/2022\/03\/2\u00ba-con-la-receta-hecha-300x135.jpg\" alt=\"\" width=\"300\" height=\"135\" srcset=\"https:\/\/blogsaverroes.juntadeandalucia.es\/josefinabarosoler\/files\/2022\/03\/2\u00ba-con-la-receta-hecha-300x135.jpg 300w, https:\/\/blogsaverroes.juntadeandalucia.es\/josefinabarosoler\/files\/2022\/03\/2\u00ba-con-la-receta-hecha-1024x461.jpg 1024w, https:\/\/blogsaverroes.juntadeandalucia.es\/josefinabarosoler\/files\/2022\/03\/2\u00ba-con-la-receta-hecha-768x346.jpg 768w, https:\/\/blogsaverroes.juntadeandalucia.es\/josefinabarosoler\/files\/2022\/03\/2\u00ba-con-la-receta-hecha-1536x691.jpg 1536w, https:\/\/blogsaverroes.juntadeandalucia.es\/josefinabarosoler\/files\/2022\/03\/2\u00ba-con-la-receta-hecha.jpg 1600w\" sizes=\"(max-width: 300px) 100vw, 300px\" \/><\/a><\/p>\n<p>Hoy es el turno de 2\u00ba de primaria, el cual se ha preparado unos graciosos gorros de cocina con el que posan antes de entrar al comedor.<\/p>\n<p>El programa Impulsa nos lleva ahora a disfrutar con todo el alumnado del colegio, Infantil y Primaria, de un taller de cocina ameno, impulsor de valores, nuevo para nuestros alumnos\/as, que est\u00e1 teniendo mucho \u00e9xito porque todo el alumnado de cada curso participa en horario de ma\u00f1ana en esta actividad tan enriquecedora. El taller comienza con una charla en el aula ordinaria y despu\u00e9s se dirigen al comedor del colegio a realizar y degustar la receta que previamente han trabajado.<\/p>\n<p>a terminar el taller que han iniciado en su aula de referencia.<\/p>\n<p>&nbsp;<\/p>\n<p><a href=\"https:\/\/blogsaverroes.juntadeandalucia.es\/josefinabarosoler\/files\/2022\/03\/foto-cocina-2\u00ba-scaled.jpg\"><img loading=\"lazy\" decoding=\"async\" class=\"alignleft size-medium wp-image-3000\" src=\"https:\/\/blogsaverroes.juntadeandalucia.es\/josefinabarosoler\/files\/2022\/03\/foto-cocina-2\u00ba-300x225.jpg\" alt=\"\" width=\"300\" height=\"225\" srcset=\"https:\/\/blogsaverroes.juntadeandalucia.es\/josefinabarosoler\/files\/2022\/03\/foto-cocina-2\u00ba-300x225.jpg 300w, https:\/\/blogsaverroes.juntadeandalucia.es\/josefinabarosoler\/files\/2022\/03\/foto-cocina-2\u00ba-1024x768.jpg 1024w, https:\/\/blogsaverroes.juntadeandalucia.es\/josefinabarosoler\/files\/2022\/03\/foto-cocina-2\u00ba-768x576.jpg 768w, https:\/\/blogsaverroes.juntadeandalucia.es\/josefinabarosoler\/files\/2022\/03\/foto-cocina-2\u00ba-1536x1152.jpg 1536w, https:\/\/blogsaverroes.juntadeandalucia.es\/josefinabarosoler\/files\/2022\/03\/foto-cocina-2\u00ba-2048x1536.jpg 2048w, https:\/\/blogsaverroes.juntadeandalucia.es\/josefinabarosoler\/files\/2022\/03\/foto-cocina-2\u00ba-scaled.jpg 1600w\" sizes=\"(max-width: 300px) 100vw, 300px\" \/><\/a><\/p>\n","protected":false},"excerpt":{"rendered":"<p>Hoy es el turno de 2\u00ba de primaria, el cual se ha preparado unos graciosos gorros de cocina con el que posan antes de entrar al comedor. El programa Impulsa nos lleva ahora a&#46;&#46;&#46;<\/p>\n","protected":false},"author":1822,"featured_media":3000,"comment_status":"open","ping_status":"open","sticky":false,"template":"","format":"standard","meta":{"ngg_post_thumbnail":0,"footnotes":""},"categories":[11909],"tags":[],"aioseo_notices":[],"_links":{"self":[{"href":"https:\/\/blogsaverroes.juntadeandalucia.es\/josefinabarosoler\/wp-json\/wp\/v2\/posts\/2945"}],"collection":[{"href":"https:\/\/blogsaverroes.juntadeandalucia.es\/josefinabarosoler\/wp-json\/wp\/v2\/posts"}],"about":[{"href":"https:\/\/blogsaverroes.juntadeandalucia.es\/josefinabarosoler\/wp-json\/wp\/v2\/types\/post"}],"author":[{"embeddable":true,"href":"https:\/\/blogsaverroes.juntadeandalucia.es\/josefinabarosoler\/wp-json\/wp\/v2\/users\/1822"}],"replies":[{"embeddable":true,"href":"https:\/\/blogsaverroes.juntadeandalucia.es\/josefinabarosoler\/wp-json\/wp\/v2\/comments?post=2945"}],"version-history":[{"count":12,"href":"https:\/\/blogsaverroes.juntadeandalucia.es\/josefinabarosoler\/wp-json\/wp\/v2\/posts\/2945\/revisions"}],"predecessor-version":[{"id":3072,"href":"https:\/\/blogsaverroes.juntadeandalucia.es\/josefinabarosoler\/wp-json\/wp\/v2\/posts\/2945\/revisions\/3072"}],"wp:featuredmedia":[{"embeddable":true,"href":"https:\/\/blogsaverroes.juntadeandalucia.es\/josefinabarosoler\/wp-json\/wp\/v2\/media\/3000"}],"wp:attachment":[{"href":"https:\/\/blogsaverroes.juntadeandalucia.es\/josefinabarosoler\/wp-json\/wp\/v2\/media?parent=2945"}],"wp:term":[{"taxonomy":"category","embeddable":true,"href":"https:\/\/blogsaverroes.juntadeandalucia.es\/josefinabarosoler\/wp-json\/wp\/v2\/categories?post=2945"},{"taxonomy":"post_tag","embeddable":true,"href":"https:\/\/blogsaverroes.juntadeandalucia.es\/josefinabarosoler\/wp-json\/wp\/v2\/tags?post=2945"}],"curies":[{"name":"wp","href":"https:\/\/api.w.org\/{rel}","templated":true}]}}