{"id":3470,"date":"2022-12-23T09:29:19","date_gmt":"2022-12-23T09:29:19","guid":{"rendered":"https:\/\/blogsaverroes.juntadeandalucia.es\/josefinabarosoler\/?p=3470"},"modified":"2022-12-23T10:51:56","modified_gmt":"2022-12-23T10:51:56","slug":"nuestros-villancicos","status":"publish","type":"post","link":"https:\/\/blogsaverroes.juntadeandalucia.es\/josefinabarosoler\/nuestros-villancicos\/","title":{"rendered":"Nuestros villancicos"},"content":{"rendered":"<p style=\"text-align: center\">(diciembre 2022)<\/p>\n<p>Hola, os presentamos los villancicos que han interpretado nuestros alumnos\/as del colegio Josefina Bar\u00f3.<\/p>\n<p>El curso que viene esperamos celebrarlo como lo hemos hecho siempre, en el sal\u00f3n de actos, acompa\u00f1os de familiares y amigos.&nbsp;<\/p>\n<p>Esperamos que os gusten:<\/p>\n<p><a href=\"https:\/\/www.youtube.com\/watch?v=9TGlNn2uG3E\">Infantil de 3 a\u00f1os<\/a><\/p>\n<p><a href=\"https:\/\/www.youtube.com\/watch?v=7n3JdSDsW3E\">Infantil de 4 a\u00f1os<\/a><\/p>\n<p><a href=\"https:\/\/www.youtube.com\/watch?v=D4lVW5ZC_4U\">Infantil de 5 a\u00f1os<\/a><\/p>\n<p><a href=\"https:\/\/www.youtube.com\/watch?v=7cMNoss4P3w\">1\u00ba y 2\u00ba de primaria<\/a><\/p>\n<p><a href=\"https:\/\/www.youtube.com\/watch?v=xtgDyDSNt0g\">3\u00ba y 4\u00ba de primaria<\/a><\/p>\n<p><a href=\"https:\/\/www.youtube.com\/watch?v=Ydh4wBILcPo\">5\u00ba y 6\u00ba de primaria<\/a><\/p>\n<p>&nbsp;<\/p>\n","protected":false},"excerpt":{"rendered":"<p>(diciembre 2022) Hola, os presentamos los villancicos que han interpretado nuestros alumnos\/as del colegio Josefina Bar\u00f3. El curso que viene esperamos celebrarlo como lo hemos hecho siempre, en el sal\u00f3n de actos, acompa\u00f1os de&#46;&#46;&#46;<\/p>\n","protected":false},"author":1822,"featured_media":3476,"comment_status":"open","ping_status":"open","sticky":false,"template":"","format":"standard","meta":{"ngg_post_thumbnail":0,"footnotes":""},"categories":[5991,2351672],"tags":[],"aioseo_notices":[],"_links":{"self":[{"href":"https:\/\/blogsaverroes.juntadeandalucia.es\/josefinabarosoler\/wp-json\/wp\/v2\/posts\/3470"}],"collection":[{"href":"https:\/\/blogsaverroes.juntadeandalucia.es\/josefinabarosoler\/wp-json\/wp\/v2\/posts"}],"about":[{"href":"https:\/\/blogsaverroes.juntadeandalucia.es\/josefinabarosoler\/wp-json\/wp\/v2\/types\/post"}],"author":[{"embeddable":true,"href":"https:\/\/blogsaverroes.juntadeandalucia.es\/josefinabarosoler\/wp-json\/wp\/v2\/users\/1822"}],"replies":[{"embeddable":true,"href":"https:\/\/blogsaverroes.juntadeandalucia.es\/josefinabarosoler\/wp-json\/wp\/v2\/comments?post=3470"}],"version-history":[{"count":5,"href":"https:\/\/blogsaverroes.juntadeandalucia.es\/josefinabarosoler\/wp-json\/wp\/v2\/posts\/3470\/revisions"}],"predecessor-version":[{"id":3477,"href":"https:\/\/blogsaverroes.juntadeandalucia.es\/josefinabarosoler\/wp-json\/wp\/v2\/posts\/3470\/revisions\/3477"}],"wp:featuredmedia":[{"embeddable":true,"href":"https:\/\/blogsaverroes.juntadeandalucia.es\/josefinabarosoler\/wp-json\/wp\/v2\/media\/3476"}],"wp:attachment":[{"href":"https:\/\/blogsaverroes.juntadeandalucia.es\/josefinabarosoler\/wp-json\/wp\/v2\/media?parent=3470"}],"wp:term":[{"taxonomy":"category","embeddable":true,"href":"https:\/\/blogsaverroes.juntadeandalucia.es\/josefinabarosoler\/wp-json\/wp\/v2\/categories?post=3470"},{"taxonomy":"post_tag","embeddable":true,"href":"https:\/\/blogsaverroes.juntadeandalucia.es\/josefinabarosoler\/wp-json\/wp\/v2\/tags?post=3470"}],"curies":[{"name":"wp","href":"https:\/\/api.w.org\/{rel}","templated":true}]}}