{"id":3522,"date":"2023-02-23T09:13:33","date_gmt":"2023-02-23T09:13:33","guid":{"rendered":"https:\/\/blogsaverroes.juntadeandalucia.es\/josefinabarosoler\/?p=3522"},"modified":"2023-03-17T11:23:02","modified_gmt":"2023-03-17T11:23:02","slug":"programa-lecxit","status":"publish","type":"post","link":"https:\/\/blogsaverroes.juntadeandalucia.es\/josefinabarosoler\/programa-lecxit\/","title":{"rendered":"Programa LECXIT"},"content":{"rendered":"<p style=\"text-align: center\">(febrero 2023)<\/p>\n<p>El pasado 14 de febrero comenz\u00f3 el <a href=\"https:\/\/lecxit.cat\/es\/\">programa Lecxi<\/a>t, \u00ablectura para el \u00e9xito educativo\u00bb, una iniciativa de la&nbsp; Fundaci\u00f3n Jos\u00e9 Manuel Lara, a trav\u00e9s de la cual una serie de personas voluntarias de Almer\u00eda vienen al colegio a ayudar al alumnado en la lectura. Les ense\u00f1an t\u00e9cnicas de lectura, comentan lo que leen, etc. El programa se realiza en la biblioteca del colegio, un lugar id\u00f3neo para el taller.<\/p>\n<p>Es un programa destinado al alumnado con dificultades de comprensi\u00f3n lectora que sin duda ayudar\u00e1 a mejorar su nivel lector y en consecuencia, su \u00e9xito educativo.<\/p>\n<p>El alumnado elegido por la coordinadora del programa, Amal El Mohammadiane Tarbift, ha sido de 4\u00ba de primaria.<\/p>\n<p>A continuaci\u00f3n os dejamos fotos del programa.<\/p>\n<p>\u00a1\u00a1Muchas gracias!!<\/p>\n<p><a href=\"https:\/\/blogsaverroes.juntadeandalucia.es\/josefinabarosoler\/files\/2023\/02\/lecxit-marzo-scaled.jpg\"><img loading=\"lazy\" decoding=\"async\" class=\"alignleft size-medium wp-image-3687\" src=\"https:\/\/blogsaverroes.juntadeandalucia.es\/josefinabarosoler\/files\/2023\/02\/lecxit-marzo-300x225.jpg\" alt=\"\" width=\"300\" height=\"225\" srcset=\"https:\/\/blogsaverroes.juntadeandalucia.es\/josefinabarosoler\/files\/2023\/02\/lecxit-marzo-300x225.jpg 300w, https:\/\/blogsaverroes.juntadeandalucia.es\/josefinabarosoler\/files\/2023\/02\/lecxit-marzo-1024x768.jpg 1024w, https:\/\/blogsaverroes.juntadeandalucia.es\/josefinabarosoler\/files\/2023\/02\/lecxit-marzo-768x576.jpg 768w, https:\/\/blogsaverroes.juntadeandalucia.es\/josefinabarosoler\/files\/2023\/02\/lecxit-marzo-1536x1152.jpg 1536w, https:\/\/blogsaverroes.juntadeandalucia.es\/josefinabarosoler\/files\/2023\/02\/lecxit-marzo-2048x1536.jpg 2048w, https:\/\/blogsaverroes.juntadeandalucia.es\/josefinabarosoler\/files\/2023\/02\/lecxit-marzo-scaled.jpg 1600w\" sizes=\"(max-width: 300px) 100vw, 300px\" \/><\/a><\/p>\n<p><a href=\"https:\/\/blogsaverroes.juntadeandalucia.es\/josefinabarosoler\/files\/2023\/02\/el-grupo-de-pie-scaled.jpg\"><img loading=\"lazy\" decoding=\"async\" class=\"alignleft size-medium wp-image-3542\" src=\"https:\/\/blogsaverroes.juntadeandalucia.es\/josefinabarosoler\/files\/2023\/02\/el-grupo-de-pie-300x225.jpg\" alt=\"\" width=\"300\" height=\"225\" srcset=\"https:\/\/blogsaverroes.juntadeandalucia.es\/josefinabarosoler\/files\/2023\/02\/el-grupo-de-pie-300x225.jpg 300w, https:\/\/blogsaverroes.juntadeandalucia.es\/josefinabarosoler\/files\/2023\/02\/el-grupo-de-pie-1024x768.jpg 1024w, https:\/\/blogsaverroes.juntadeandalucia.es\/josefinabarosoler\/files\/2023\/02\/el-grupo-de-pie-768x576.jpg 768w, https:\/\/blogsaverroes.juntadeandalucia.es\/josefinabarosoler\/files\/2023\/02\/el-grupo-de-pie-1536x1152.jpg 1536w, https:\/\/blogsaverroes.juntadeandalucia.es\/josefinabarosoler\/files\/2023\/02\/el-grupo-de-pie-2048x1536.jpg 2048w, https:\/\/blogsaverroes.juntadeandalucia.es\/josefinabarosoler\/files\/2023\/02\/el-grupo-de-pie-scaled.jpg 1600w\" sizes=\"(max-width: 300px) 100vw, 300px\" \/><\/a><a href=\"https:\/\/blogsaverroes.juntadeandalucia.es\/josefinabarosoler\/files\/2023\/02\/el-grupo-de-pie-y-Amal-scaled.jpg\"><img loading=\"lazy\" decoding=\"async\" class=\"alignleft size-medium wp-image-3543\" src=\"https:\/\/blogsaverroes.juntadeandalucia.es\/josefinabarosoler\/files\/2023\/02\/el-grupo-de-pie-y-Amal-300x225.jpg\" alt=\"\" width=\"300\" height=\"225\" srcset=\"https:\/\/blogsaverroes.juntadeandalucia.es\/josefinabarosoler\/files\/2023\/02\/el-grupo-de-pie-y-Amal-300x225.jpg 300w, https:\/\/blogsaverroes.juntadeandalucia.es\/josefinabarosoler\/files\/2023\/02\/el-grupo-de-pie-y-Amal-1024x768.jpg 1024w, https:\/\/blogsaverroes.juntadeandalucia.es\/josefinabarosoler\/files\/2023\/02\/el-grupo-de-pie-y-Amal-768x576.jpg 768w, https:\/\/blogsaverroes.juntadeandalucia.es\/josefinabarosoler\/files\/2023\/02\/el-grupo-de-pie-y-Amal-1536x1152.jpg 1536w, https:\/\/blogsaverroes.juntadeandalucia.es\/josefinabarosoler\/files\/2023\/02\/el-grupo-de-pie-y-Amal-2048x1536.jpg 2048w, https:\/\/blogsaverroes.juntadeandalucia.es\/josefinabarosoler\/files\/2023\/02\/el-grupo-de-pie-y-Amal-scaled.jpg 1600w\" sizes=\"(max-width: 300px) 100vw, 300px\" \/><\/a><a href=\"https:\/\/blogsaverroes.juntadeandalucia.es\/josefinabarosoler\/files\/2023\/02\/grupo-leyendo-scaled.jpg\"><img loading=\"lazy\" decoding=\"async\" class=\"alignleft size-medium wp-image-3544\" src=\"https:\/\/blogsaverroes.juntadeandalucia.es\/josefinabarosoler\/files\/2023\/02\/grupo-leyendo-300x225.jpg\" alt=\"\" width=\"300\" height=\"225\" srcset=\"https:\/\/blogsaverroes.juntadeandalucia.es\/josefinabarosoler\/files\/2023\/02\/grupo-leyendo-300x225.jpg 300w, https:\/\/blogsaverroes.juntadeandalucia.es\/josefinabarosoler\/files\/2023\/02\/grupo-leyendo-1024x768.jpg 1024w, https:\/\/blogsaverroes.juntadeandalucia.es\/josefinabarosoler\/files\/2023\/02\/grupo-leyendo-768x576.jpg 768w, https:\/\/blogsaverroes.juntadeandalucia.es\/josefinabarosoler\/files\/2023\/02\/grupo-leyendo-1536x1152.jpg 1536w, https:\/\/blogsaverroes.juntadeandalucia.es\/josefinabarosoler\/files\/2023\/02\/grupo-leyendo-2048x1536.jpg 2048w, https:\/\/blogsaverroes.juntadeandalucia.es\/josefinabarosoler\/files\/2023\/02\/grupo-leyendo-scaled.jpg 1600w\" sizes=\"(max-width: 300px) 100vw, 300px\" \/><\/a><a href=\"https:\/\/blogsaverroes.juntadeandalucia.es\/josefinabarosoler\/files\/2023\/02\/grupo-trabajando-scaled.jpg\"><img loading=\"lazy\" decoding=\"async\" class=\"alignleft size-medium wp-image-3545\" src=\"https:\/\/blogsaverroes.juntadeandalucia.es\/josefinabarosoler\/files\/2023\/02\/grupo-trabajando-300x225.jpg\" alt=\"\" width=\"300\" height=\"225\" srcset=\"https:\/\/blogsaverroes.juntadeandalucia.es\/josefinabarosoler\/files\/2023\/02\/grupo-trabajando-300x225.jpg 300w, https:\/\/blogsaverroes.juntadeandalucia.es\/josefinabarosoler\/files\/2023\/02\/grupo-trabajando-1024x768.jpg 1024w, https:\/\/blogsaverroes.juntadeandalucia.es\/josefinabarosoler\/files\/2023\/02\/grupo-trabajando-768x576.jpg 768w, https:\/\/blogsaverroes.juntadeandalucia.es\/josefinabarosoler\/files\/2023\/02\/grupo-trabajando-1536x1152.jpg 1536w, https:\/\/blogsaverroes.juntadeandalucia.es\/josefinabarosoler\/files\/2023\/02\/grupo-trabajando-2048x1536.jpg 2048w, https:\/\/blogsaverroes.juntadeandalucia.es\/josefinabarosoler\/files\/2023\/02\/grupo-trabajando-scaled.jpg 1600w\" sizes=\"(max-width: 300px) 100vw, 300px\" \/><\/a><a href=\"https:\/\/blogsaverroes.juntadeandalucia.es\/josefinabarosoler\/files\/2023\/02\/Rayanne-y-Loida-scaled.jpg\"><img loading=\"lazy\" decoding=\"async\" class=\"alignleft size-medium wp-image-3546\" src=\"https:\/\/blogsaverroes.juntadeandalucia.es\/josefinabarosoler\/files\/2023\/02\/Rayanne-y-Loida-300x225.jpg\" alt=\"\" width=\"300\" height=\"225\" srcset=\"https:\/\/blogsaverroes.juntadeandalucia.es\/josefinabarosoler\/files\/2023\/02\/Rayanne-y-Loida-300x225.jpg 300w, https:\/\/blogsaverroes.juntadeandalucia.es\/josefinabarosoler\/files\/2023\/02\/Rayanne-y-Loida-1024x768.jpg 1024w, https:\/\/blogsaverroes.juntadeandalucia.es\/josefinabarosoler\/files\/2023\/02\/Rayanne-y-Loida-768x576.jpg 768w, https:\/\/blogsaverroes.juntadeandalucia.es\/josefinabarosoler\/files\/2023\/02\/Rayanne-y-Loida-1536x1152.jpg 1536w, https:\/\/blogsaverroes.juntadeandalucia.es\/josefinabarosoler\/files\/2023\/02\/Rayanne-y-Loida-2048x1536.jpg 2048w, https:\/\/blogsaverroes.juntadeandalucia.es\/josefinabarosoler\/files\/2023\/02\/Rayanne-y-Loida-scaled.jpg 1600w\" sizes=\"(max-width: 300px) 100vw, 300px\" \/><\/a><a href=\"https:\/\/blogsaverroes.juntadeandalucia.es\/josefinabarosoler\/files\/2023\/02\/Mar\u00eda-scaled.jpg\"><img loading=\"lazy\" decoding=\"async\" class=\"alignleft size-medium wp-image-3547\" src=\"https:\/\/blogsaverroes.juntadeandalucia.es\/josefinabarosoler\/files\/2023\/02\/Mar\u00eda-300x225.jpg\" alt=\"\" width=\"300\" height=\"225\" srcset=\"https:\/\/blogsaverroes.juntadeandalucia.es\/josefinabarosoler\/files\/2023\/02\/Mar\u00eda-300x225.jpg 300w, https:\/\/blogsaverroes.juntadeandalucia.es\/josefinabarosoler\/files\/2023\/02\/Mar\u00eda-1024x768.jpg 1024w, https:\/\/blogsaverroes.juntadeandalucia.es\/josefinabarosoler\/files\/2023\/02\/Mar\u00eda-768x576.jpg 768w, https:\/\/blogsaverroes.juntadeandalucia.es\/josefinabarosoler\/files\/2023\/02\/Mar\u00eda-1536x1152.jpg 1536w, https:\/\/blogsaverroes.juntadeandalucia.es\/josefinabarosoler\/files\/2023\/02\/Mar\u00eda-2048x1536.jpg 2048w, https:\/\/blogsaverroes.juntadeandalucia.es\/josefinabarosoler\/files\/2023\/02\/Mar\u00eda-scaled.jpg 1600w\" sizes=\"(max-width: 300px) 100vw, 300px\" \/><\/a><a href=\"https:\/\/blogsaverroes.juntadeandalucia.es\/josefinabarosoler\/files\/2023\/02\/Wisal-y-Mohamed-scaled.jpg\"><img loading=\"lazy\" decoding=\"async\" class=\"alignleft size-medium wp-image-3548\" src=\"https:\/\/blogsaverroes.juntadeandalucia.es\/josefinabarosoler\/files\/2023\/02\/Wisal-y-Mohamed-300x225.jpg\" alt=\"\" width=\"300\" height=\"225\" srcset=\"https:\/\/blogsaverroes.juntadeandalucia.es\/josefinabarosoler\/files\/2023\/02\/Wisal-y-Mohamed-300x225.jpg 300w, https:\/\/blogsaverroes.juntadeandalucia.es\/josefinabarosoler\/files\/2023\/02\/Wisal-y-Mohamed-1024x768.jpg 1024w, https:\/\/blogsaverroes.juntadeandalucia.es\/josefinabarosoler\/files\/2023\/02\/Wisal-y-Mohamed-768x576.jpg 768w, https:\/\/blogsaverroes.juntadeandalucia.es\/josefinabarosoler\/files\/2023\/02\/Wisal-y-Mohamed-1536x1152.jpg 1536w, https:\/\/blogsaverroes.juntadeandalucia.es\/josefinabarosoler\/files\/2023\/02\/Wisal-y-Mohamed-2048x1536.jpg 2048w, https:\/\/blogsaverroes.juntadeandalucia.es\/josefinabarosoler\/files\/2023\/02\/Wisal-y-Mohamed-scaled.jpg 1600w\" sizes=\"(max-width: 300px) 100vw, 300px\" \/><\/a><\/p>\n","protected":false},"excerpt":{"rendered":"<p>(febrero 2023) El pasado 14 de febrero comenz\u00f3 el programa Lecxit, \u00ablectura para el \u00e9xito educativo\u00bb, una iniciativa de la&nbsp; Fundaci\u00f3n Jos\u00e9 Manuel Lara, a trav\u00e9s de la cual una serie de personas voluntarias&#46;&#46;&#46;<\/p>\n","protected":false},"author":1822,"featured_media":3541,"comment_status":"open","ping_status":"open","sticky":false,"template":"","format":"standard","meta":{"ngg_post_thumbnail":0,"footnotes":""},"categories":[2351671,213],"tags":[],"aioseo_notices":[],"_links":{"self":[{"href":"https:\/\/blogsaverroes.juntadeandalucia.es\/josefinabarosoler\/wp-json\/wp\/v2\/posts\/3522"}],"collection":[{"href":"https:\/\/blogsaverroes.juntadeandalucia.es\/josefinabarosoler\/wp-json\/wp\/v2\/posts"}],"about":[{"href":"https:\/\/blogsaverroes.juntadeandalucia.es\/josefinabarosoler\/wp-json\/wp\/v2\/types\/post"}],"author":[{"embeddable":true,"href":"https:\/\/blogsaverroes.juntadeandalucia.es\/josefinabarosoler\/wp-json\/wp\/v2\/users\/1822"}],"replies":[{"embeddable":true,"href":"https:\/\/blogsaverroes.juntadeandalucia.es\/josefinabarosoler\/wp-json\/wp\/v2\/comments?post=3522"}],"version-history":[{"count":8,"href":"https:\/\/blogsaverroes.juntadeandalucia.es\/josefinabarosoler\/wp-json\/wp\/v2\/posts\/3522\/revisions"}],"predecessor-version":[{"id":3689,"href":"https:\/\/blogsaverroes.juntadeandalucia.es\/josefinabarosoler\/wp-json\/wp\/v2\/posts\/3522\/revisions\/3689"}],"wp:featuredmedia":[{"embeddable":true,"href":"https:\/\/blogsaverroes.juntadeandalucia.es\/josefinabarosoler\/wp-json\/wp\/v2\/media\/3541"}],"wp:attachment":[{"href":"https:\/\/blogsaverroes.juntadeandalucia.es\/josefinabarosoler\/wp-json\/wp\/v2\/media?parent=3522"}],"wp:term":[{"taxonomy":"category","embeddable":true,"href":"https:\/\/blogsaverroes.juntadeandalucia.es\/josefinabarosoler\/wp-json\/wp\/v2\/categories?post=3522"},{"taxonomy":"post_tag","embeddable":true,"href":"https:\/\/blogsaverroes.juntadeandalucia.es\/josefinabarosoler\/wp-json\/wp\/v2\/tags?post=3522"}],"curies":[{"name":"wp","href":"https:\/\/api.w.org\/{rel}","templated":true}]}}