{"id":3529,"date":"2023-02-21T08:37:46","date_gmt":"2023-02-21T08:37:46","guid":{"rendered":"https:\/\/blogsaverroes.juntadeandalucia.es\/josefinabarosoler\/?p=3529"},"modified":"2023-02-23T18:37:26","modified_gmt":"2023-02-23T18:37:26","slug":"programa-hh-v-s-fruta-saludable","status":"publish","type":"post","link":"https:\/\/blogsaverroes.juntadeandalucia.es\/josefinabarosoler\/programa-hh-v-s-fruta-saludable\/","title":{"rendered":"Programa HH.V.S. Fruta saludable"},"content":{"rendered":"<p style=\"text-align: center\">(15 de febrero)<\/p>\n<p>Un a\u00f1o m\u00e1s comienza el programa de Fruta Saludable que ofrece la Junta de Andaluc\u00eda para los centros educativos que as\u00ed lo solicitan.<\/p>\n<p>Desde febrero y hasta final de curso habr\u00e1 varios repartos de fruta, que con gusto se repartir\u00e1 entre todo el personal del colegio.<\/p>\n<p>La primera partida ha sido:<\/p>\n<p>Pera<\/p>\n<p>Mandarina ecol\u00f3gica<\/p>\n<p>Naranja ecol\u00f3gica<\/p>\n<p>El reparto lo har\u00e1n su coordinador, Alejandro Bonilla, y la conserje del colegio, Cristina Rodr\u00edguez, quienes har\u00e1n llegar a todos los alumnos\/as esta rica y sana fruta para el deleite de todos\/as.<\/p>\n<p>\u00a1\u00a1 A degustarla con salud !!<\/p>\n<p><a href=\"https:\/\/blogsaverroes.juntadeandalucia.es\/josefinabarosoler\/files\/2023\/02\/frutas-1\u00ba.jpg\"><img loading=\"lazy\" decoding=\"async\" class=\"alignleft size-medium wp-image-3551\" src=\"https:\/\/blogsaverroes.juntadeandalucia.es\/josefinabarosoler\/files\/2023\/02\/frutas-1\u00ba-300x225.jpg\" alt=\"\" width=\"300\" height=\"225\" srcset=\"https:\/\/blogsaverroes.juntadeandalucia.es\/josefinabarosoler\/files\/2023\/02\/frutas-1\u00ba-300x225.jpg 300w, https:\/\/blogsaverroes.juntadeandalucia.es\/josefinabarosoler\/files\/2023\/02\/frutas-1\u00ba-768x576.jpg 768w, https:\/\/blogsaverroes.juntadeandalucia.es\/josefinabarosoler\/files\/2023\/02\/frutas-1\u00ba.jpg 1024w\" sizes=\"(max-width: 300px) 100vw, 300px\" \/><\/a> <a href=\"https:\/\/blogsaverroes.juntadeandalucia.es\/josefinabarosoler\/files\/2023\/02\/frutas-1.jpg\"><img loading=\"lazy\" decoding=\"async\" class=\"alignleft size-medium wp-image-3552\" src=\"https:\/\/blogsaverroes.juntadeandalucia.es\/josefinabarosoler\/files\/2023\/02\/frutas-1-300x135.jpg\" alt=\"\" width=\"300\" height=\"135\" srcset=\"https:\/\/blogsaverroes.juntadeandalucia.es\/josefinabarosoler\/files\/2023\/02\/frutas-1-300x135.jpg 300w, https:\/\/blogsaverroes.juntadeandalucia.es\/josefinabarosoler\/files\/2023\/02\/frutas-1-768x345.jpg 768w, https:\/\/blogsaverroes.juntadeandalucia.es\/josefinabarosoler\/files\/2023\/02\/frutas-1.jpg 1024w\" sizes=\"(max-width: 300px) 100vw, 300px\" \/><\/a> <a href=\"https:\/\/blogsaverroes.juntadeandalucia.es\/josefinabarosoler\/files\/2023\/02\/frutas-2\u00ba.jpg\"><img loading=\"lazy\" decoding=\"async\" class=\"alignleft size-medium wp-image-3554\" src=\"https:\/\/blogsaverroes.juntadeandalucia.es\/josefinabarosoler\/files\/2023\/02\/frutas-2\u00ba-300x225.jpg\" alt=\"\" width=\"300\" height=\"225\" srcset=\"https:\/\/blogsaverroes.juntadeandalucia.es\/josefinabarosoler\/files\/2023\/02\/frutas-2\u00ba-300x225.jpg 300w, https:\/\/blogsaverroes.juntadeandalucia.es\/josefinabarosoler\/files\/2023\/02\/frutas-2\u00ba-768x576.jpg 768w, https:\/\/blogsaverroes.juntadeandalucia.es\/josefinabarosoler\/files\/2023\/02\/frutas-2\u00ba.jpg 1024w\" sizes=\"(max-width: 300px) 100vw, 300px\" \/><\/a> <a href=\"https:\/\/blogsaverroes.juntadeandalucia.es\/josefinabarosoler\/files\/2023\/02\/frutas-4\u00ba.jpg\"><img loading=\"lazy\" decoding=\"async\" class=\"alignleft size-medium wp-image-3555\" src=\"https:\/\/blogsaverroes.juntadeandalucia.es\/josefinabarosoler\/files\/2023\/02\/frutas-4\u00ba-300x225.jpg\" alt=\"\" width=\"300\" height=\"225\" srcset=\"https:\/\/blogsaverroes.juntadeandalucia.es\/josefinabarosoler\/files\/2023\/02\/frutas-4\u00ba-300x225.jpg 300w, https:\/\/blogsaverroes.juntadeandalucia.es\/josefinabarosoler\/files\/2023\/02\/frutas-4\u00ba-768x576.jpg 768w, https:\/\/blogsaverroes.juntadeandalucia.es\/josefinabarosoler\/files\/2023\/02\/frutas-4\u00ba.jpg 1024w\" sizes=\"(max-width: 300px) 100vw, 300px\" \/><\/a><a href=\"https:\/\/blogsaverroes.juntadeandalucia.es\/josefinabarosoler\/files\/2023\/02\/frutas-2\u00ba-2.jpg\"><img loading=\"lazy\" decoding=\"async\" class=\"alignleft size-medium wp-image-3553\" src=\"https:\/\/blogsaverroes.juntadeandalucia.es\/josefinabarosoler\/files\/2023\/02\/frutas-2\u00ba-2-300x225.jpg\" alt=\"\" width=\"300\" height=\"225\" srcset=\"https:\/\/blogsaverroes.juntadeandalucia.es\/josefinabarosoler\/files\/2023\/02\/frutas-2\u00ba-2-300x225.jpg 300w, https:\/\/blogsaverroes.juntadeandalucia.es\/josefinabarosoler\/files\/2023\/02\/frutas-2\u00ba-2-768x576.jpg 768w, https:\/\/blogsaverroes.juntadeandalucia.es\/josefinabarosoler\/files\/2023\/02\/frutas-2\u00ba-2.jpg 1024w\" sizes=\"(max-width: 300px) 100vw, 300px\" \/><\/a><a href=\"https:\/\/blogsaverroes.juntadeandalucia.es\/josefinabarosoler\/files\/2023\/02\/frutas-2\u00ba.jpg\"><img loading=\"lazy\" decoding=\"async\" class=\"alignleft size-medium wp-image-3554\" src=\"https:\/\/blogsaverroes.juntadeandalucia.es\/josefinabarosoler\/files\/2023\/02\/frutas-2\u00ba-300x225.jpg\" alt=\"\" width=\"300\" height=\"225\" srcset=\"https:\/\/blogsaverroes.juntadeandalucia.es\/josefinabarosoler\/files\/2023\/02\/frutas-2\u00ba-300x225.jpg 300w, https:\/\/blogsaverroes.juntadeandalucia.es\/josefinabarosoler\/files\/2023\/02\/frutas-2\u00ba-768x576.jpg 768w, https:\/\/blogsaverroes.juntadeandalucia.es\/josefinabarosoler\/files\/2023\/02\/frutas-2\u00ba.jpg 1024w\" sizes=\"(max-width: 300px) 100vw, 300px\" \/><\/a><a href=\"https:\/\/blogsaverroes.juntadeandalucia.es\/josefinabarosoler\/files\/2023\/02\/frutas-4\u00ba.jpg\"><img loading=\"lazy\" decoding=\"async\" class=\"alignleft size-medium wp-image-3555\" src=\"https:\/\/blogsaverroes.juntadeandalucia.es\/josefinabarosoler\/files\/2023\/02\/frutas-4\u00ba-300x225.jpg\" alt=\"\" width=\"300\" height=\"225\" srcset=\"https:\/\/blogsaverroes.juntadeandalucia.es\/josefinabarosoler\/files\/2023\/02\/frutas-4\u00ba-300x225.jpg 300w, https:\/\/blogsaverroes.juntadeandalucia.es\/josefinabarosoler\/files\/2023\/02\/frutas-4\u00ba-768x576.jpg 768w, https:\/\/blogsaverroes.juntadeandalucia.es\/josefinabarosoler\/files\/2023\/02\/frutas-4\u00ba.jpg 1024w\" sizes=\"(max-width: 300px) 100vw, 300px\" \/><\/a><\/p>\n","protected":false},"excerpt":{"rendered":"<p>(15 de febrero) Un a\u00f1o m\u00e1s comienza el programa de Fruta Saludable que ofrece la Junta de Andaluc\u00eda para los centros educativos que as\u00ed lo solicitan. Desde febrero y hasta final de curso habr\u00e1&#46;&#46;&#46;<\/p>\n","protected":false},"author":1822,"featured_media":3551,"comment_status":"open","ping_status":"open","sticky":false,"template":"","format":"standard","meta":{"ngg_post_thumbnail":0,"footnotes":""},"categories":[5991,2351655,307438],"tags":[],"aioseo_notices":[],"_links":{"self":[{"href":"https:\/\/blogsaverroes.juntadeandalucia.es\/josefinabarosoler\/wp-json\/wp\/v2\/posts\/3529"}],"collection":[{"href":"https:\/\/blogsaverroes.juntadeandalucia.es\/josefinabarosoler\/wp-json\/wp\/v2\/posts"}],"about":[{"href":"https:\/\/blogsaverroes.juntadeandalucia.es\/josefinabarosoler\/wp-json\/wp\/v2\/types\/post"}],"author":[{"embeddable":true,"href":"https:\/\/blogsaverroes.juntadeandalucia.es\/josefinabarosoler\/wp-json\/wp\/v2\/users\/1822"}],"replies":[{"embeddable":true,"href":"https:\/\/blogsaverroes.juntadeandalucia.es\/josefinabarosoler\/wp-json\/wp\/v2\/comments?post=3529"}],"version-history":[{"count":3,"href":"https:\/\/blogsaverroes.juntadeandalucia.es\/josefinabarosoler\/wp-json\/wp\/v2\/posts\/3529\/revisions"}],"predecessor-version":[{"id":3557,"href":"https:\/\/blogsaverroes.juntadeandalucia.es\/josefinabarosoler\/wp-json\/wp\/v2\/posts\/3529\/revisions\/3557"}],"wp:featuredmedia":[{"embeddable":true,"href":"https:\/\/blogsaverroes.juntadeandalucia.es\/josefinabarosoler\/wp-json\/wp\/v2\/media\/3551"}],"wp:attachment":[{"href":"https:\/\/blogsaverroes.juntadeandalucia.es\/josefinabarosoler\/wp-json\/wp\/v2\/media?parent=3529"}],"wp:term":[{"taxonomy":"category","embeddable":true,"href":"https:\/\/blogsaverroes.juntadeandalucia.es\/josefinabarosoler\/wp-json\/wp\/v2\/categories?post=3529"},{"taxonomy":"post_tag","embeddable":true,"href":"https:\/\/blogsaverroes.juntadeandalucia.es\/josefinabarosoler\/wp-json\/wp\/v2\/tags?post=3529"}],"curies":[{"name":"wp","href":"https:\/\/api.w.org\/{rel}","templated":true}]}}