{"id":5786,"date":"2026-04-17T09:28:09","date_gmt":"2026-04-17T09:28:09","guid":{"rendered":"https:\/\/blogsaverroes.juntadeandalucia.es\/josefinabarosoler\/?p=5786"},"modified":"2026-04-17T09:28:09","modified_gmt":"2026-04-17T09:28:09","slug":"2025-26-plan-director","status":"publish","type":"post","link":"https:\/\/blogsaverroes.juntadeandalucia.es\/josefinabarosoler\/2025-26-plan-director\/","title":{"rendered":"2025 \/ 26   &#8212;   Plan Director"},"content":{"rendered":"<p>Hola, el pasado 13 de abril tuvimos la charla del Plan Director al alumnado de 6\u00ba de primaria por un agente de la polic\u00eda nacional, acompa\u00f1ado de dos pr\u00e1cticos de la universidad, en donde se habl\u00f3 fundamentalmente de el acoso y el ciberacoso; temas ambos muy importantes en la vida actual.<\/p>\n<p>Los alumnos\/as participaron activamente preguntando y respondiendo al agente en todo aquello que les interesaba.<\/p>\n<p>\u00a1Hasta el pr\u00f3ximo curso!<\/p>\n<p><a href=\"https:\/\/blogsaverroes.juntadeandalucia.es\/josefinabarosoler\/files\/2026\/04\/PHOTO-2026-04-13-09-38-34.jpg\"><img loading=\"lazy\" decoding=\"async\" class=\"alignleft size-medium wp-image-5787\" src=\"https:\/\/blogsaverroes.juntadeandalucia.es\/josefinabarosoler\/files\/2026\/04\/PHOTO-2026-04-13-09-38-34-300x225.jpg\" alt=\"\" width=\"300\" height=\"225\" srcset=\"https:\/\/blogsaverroes.juntadeandalucia.es\/josefinabarosoler\/files\/2026\/04\/PHOTO-2026-04-13-09-38-34-300x225.jpg 300w, https:\/\/blogsaverroes.juntadeandalucia.es\/josefinabarosoler\/files\/2026\/04\/PHOTO-2026-04-13-09-38-34-1024x768.jpg 1024w, https:\/\/blogsaverroes.juntadeandalucia.es\/josefinabarosoler\/files\/2026\/04\/PHOTO-2026-04-13-09-38-34-768x576.jpg 768w, https:\/\/blogsaverroes.juntadeandalucia.es\/josefinabarosoler\/files\/2026\/04\/PHOTO-2026-04-13-09-38-34-1536x1152.jpg 1536w, https:\/\/blogsaverroes.juntadeandalucia.es\/josefinabarosoler\/files\/2026\/04\/PHOTO-2026-04-13-09-38-34.jpg 1600w\" sizes=\"(max-width: 300px) 100vw, 300px\" \/><\/a> <a href=\"https:\/\/blogsaverroes.juntadeandalucia.es\/josefinabarosoler\/files\/2026\/04\/PHOTO-2026-04-13-09-38-34.kc_.jpg\"><img loading=\"lazy\" decoding=\"async\" class=\"alignleft size-medium wp-image-5788\" src=\"https:\/\/blogsaverroes.juntadeandalucia.es\/josefinabarosoler\/files\/2026\/04\/PHOTO-2026-04-13-09-38-34.kc_-300x225.jpg\" alt=\"\" width=\"300\" height=\"225\" srcset=\"https:\/\/blogsaverroes.juntadeandalucia.es\/josefinabarosoler\/files\/2026\/04\/PHOTO-2026-04-13-09-38-34.kc_-300x225.jpg 300w, https:\/\/blogsaverroes.juntadeandalucia.es\/josefinabarosoler\/files\/2026\/04\/PHOTO-2026-04-13-09-38-34.kc_-1024x768.jpg 1024w, https:\/\/blogsaverroes.juntadeandalucia.es\/josefinabarosoler\/files\/2026\/04\/PHOTO-2026-04-13-09-38-34.kc_-768x576.jpg 768w, https:\/\/blogsaverroes.juntadeandalucia.es\/josefinabarosoler\/files\/2026\/04\/PHOTO-2026-04-13-09-38-34.kc_-1536x1152.jpg 1536w, https:\/\/blogsaverroes.juntadeandalucia.es\/josefinabarosoler\/files\/2026\/04\/PHOTO-2026-04-13-09-38-34.kc_.jpg 1600w\" sizes=\"(max-width: 300px) 100vw, 300px\" \/><\/a><\/p>\n","protected":false},"excerpt":{"rendered":"<p>Hola, el pasado 13 de abril tuvimos la charla del Plan Director al alumnado de 6\u00ba de primaria por un agente de la polic\u00eda nacional, acompa\u00f1ado de dos pr\u00e1cticos de la universidad, en donde&#46;&#46;&#46;<\/p>\n","protected":false},"author":1822,"featured_media":5787,"comment_status":"open","ping_status":"open","sticky":false,"template":"","format":"standard","meta":{"ngg_post_thumbnail":0,"footnotes":""},"categories":[5991,2351692],"tags":[],"aioseo_notices":[],"_links":{"self":[{"href":"https:\/\/blogsaverroes.juntadeandalucia.es\/josefinabarosoler\/wp-json\/wp\/v2\/posts\/5786"}],"collection":[{"href":"https:\/\/blogsaverroes.juntadeandalucia.es\/josefinabarosoler\/wp-json\/wp\/v2\/posts"}],"about":[{"href":"https:\/\/blogsaverroes.juntadeandalucia.es\/josefinabarosoler\/wp-json\/wp\/v2\/types\/post"}],"author":[{"embeddable":true,"href":"https:\/\/blogsaverroes.juntadeandalucia.es\/josefinabarosoler\/wp-json\/wp\/v2\/users\/1822"}],"replies":[{"embeddable":true,"href":"https:\/\/blogsaverroes.juntadeandalucia.es\/josefinabarosoler\/wp-json\/wp\/v2\/comments?post=5786"}],"version-history":[{"count":2,"href":"https:\/\/blogsaverroes.juntadeandalucia.es\/josefinabarosoler\/wp-json\/wp\/v2\/posts\/5786\/revisions"}],"predecessor-version":[{"id":5792,"href":"https:\/\/blogsaverroes.juntadeandalucia.es\/josefinabarosoler\/wp-json\/wp\/v2\/posts\/5786\/revisions\/5792"}],"wp:featuredmedia":[{"embeddable":true,"href":"https:\/\/blogsaverroes.juntadeandalucia.es\/josefinabarosoler\/wp-json\/wp\/v2\/media\/5787"}],"wp:attachment":[{"href":"https:\/\/blogsaverroes.juntadeandalucia.es\/josefinabarosoler\/wp-json\/wp\/v2\/media?parent=5786"}],"wp:term":[{"taxonomy":"category","embeddable":true,"href":"https:\/\/blogsaverroes.juntadeandalucia.es\/josefinabarosoler\/wp-json\/wp\/v2\/categories?post=5786"},{"taxonomy":"post_tag","embeddable":true,"href":"https:\/\/blogsaverroes.juntadeandalucia.es\/josefinabarosoler\/wp-json\/wp\/v2\/tags?post=5786"}],"curies":[{"name":"wp","href":"https:\/\/api.w.org\/{rel}","templated":true}]}}