{"id":790,"date":"2022-02-05T18:27:48","date_gmt":"2022-02-05T17:27:48","guid":{"rendered":"https:\/\/blogsaverroes.juntadeandalucia.es\/labiznaga\/?p=790"},"modified":"2022-02-05T19:04:14","modified_gmt":"2022-02-05T18:04:14","slug":"educacion-inclusiva","status":"publish","type":"post","link":"https:\/\/blogsaverroes.juntadeandalucia.es\/labiznaga\/educacion-inclusiva\/","title":{"rendered":"EDUCACI\u00d3N INSLUSIVA"},"content":{"rendered":"<p>Nuestra monitora PTIS (T\u00e9cnico de Integraci\u00f3n Social) es una gran profesional con formaci\u00f3n espec\u00edfica en su trabajo. En nuestro colegio tiene una serie de funciones:<\/p>\n<ul>\n<li>Es un apoyo esencial en la educaci\u00f3n de las ni\u00f1as y ni\u00f1os que necesitan esa ayuda debido a alguna discapacidad intelectual, sensorial, f\u00edsica o alteraciones del comportamiento.<\/li>\n<li>Asiste y supervisa al alumnado que lo necesita en su alimentaci\u00f3n, h\u00e1bitos de higiene y aseo personal.<\/li>\n<li>Ella colabora con las maestras de Pedagog\u00eda Terap\u00e9utica y Audici\u00f3n y Lenguaje y, en concordancia con ellas, acompa\u00f1a a los alumnos y alumnas en la realizaci\u00f3n de las actividades acad\u00e9micas.<\/li>\n<li>Atiende, bajo la supervisi\u00f3n del profesorado especializado, la realizaci\u00f3n de actividades de ocio y tiempo libre y colabora en la programaci\u00f3n de estas actividades teniendo en cuenta las necesidades concretas de su alumnado.<\/li>\n<li>Acompa\u00f1a a las ni\u00f1as y ni\u00f1os en las clases y recreos.<\/li>\n<li>Colabora en la relaci\u00f3n entre el colegio y la familia, siendo un eslab\u00f3n muy importante en la comunicaci\u00f3n con las mam\u00e1s y los pap\u00e1s.<\/li>\n<\/ul>\n<p>Mostramos nuestro agradecimiento a su gran labor.<\/p>\n<p>Por otra parte, dentro de cada aula de Educaci\u00f3n Infantil y de Educaci\u00f3n Primaria las ni\u00f1as y ni\u00f1os forman grupos cooperativos heterog\u00e9neos en los que se incluye a todo el alumnado sin excepci\u00f3n. El alumno o alumna que precisa de apoyos puede recibirlos junto a sus compa\u00f1eros\/as, lo que hace que la inclusi\u00f3n del alumnado sea plena.<\/p>\n","protected":false},"excerpt":{"rendered":"<p>Nuestra monitora PTIS (T\u00e9cnico de Integraci\u00f3n Social) es una gran profesional con formaci\u00f3n espec\u00edfica en su trabajo. En nuestro colegio tiene una serie de funciones: Es un apoyo esencial en la educaci\u00f3n de las ni\u00f1as y ni\u00f1os que necesitan esa ayuda debido a alguna discapacidad intelectual, sensorial, f\u00edsica o alteraciones del comportamiento. Asiste y supervisa [&hellip;]<\/p>\n","protected":false},"author":4179,"featured_media":0,"comment_status":"closed","ping_status":"open","sticky":false,"template":"","format":"standard","meta":{"_et_pb_use_builder":"","_et_pb_old_content":"","_et_gb_content_width":"","ngg_post_thumbnail":0,"footnotes":""},"categories":[4,1],"tags":[],"aioseo_notices":[],"_links":{"self":[{"href":"https:\/\/blogsaverroes.juntadeandalucia.es\/labiznaga\/wp-json\/wp\/v2\/posts\/790"}],"collection":[{"href":"https:\/\/blogsaverroes.juntadeandalucia.es\/labiznaga\/wp-json\/wp\/v2\/posts"}],"about":[{"href":"https:\/\/blogsaverroes.juntadeandalucia.es\/labiznaga\/wp-json\/wp\/v2\/types\/post"}],"author":[{"embeddable":true,"href":"https:\/\/blogsaverroes.juntadeandalucia.es\/labiznaga\/wp-json\/wp\/v2\/users\/4179"}],"replies":[{"embeddable":true,"href":"https:\/\/blogsaverroes.juntadeandalucia.es\/labiznaga\/wp-json\/wp\/v2\/comments?post=790"}],"version-history":[{"count":3,"href":"https:\/\/blogsaverroes.juntadeandalucia.es\/labiznaga\/wp-json\/wp\/v2\/posts\/790\/revisions"}],"predecessor-version":[{"id":793,"href":"https:\/\/blogsaverroes.juntadeandalucia.es\/labiznaga\/wp-json\/wp\/v2\/posts\/790\/revisions\/793"}],"wp:attachment":[{"href":"https:\/\/blogsaverroes.juntadeandalucia.es\/labiznaga\/wp-json\/wp\/v2\/media?parent=790"}],"wp:term":[{"taxonomy":"category","embeddable":true,"href":"https:\/\/blogsaverroes.juntadeandalucia.es\/labiznaga\/wp-json\/wp\/v2\/categories?post=790"},{"taxonomy":"post_tag","embeddable":true,"href":"https:\/\/blogsaverroes.juntadeandalucia.es\/labiznaga\/wp-json\/wp\/v2\/tags?post=790"}],"curies":[{"name":"wp","href":"https:\/\/api.w.org\/{rel}","templated":true}]}}