{"id":444,"date":"2020-11-15T09:00:03","date_gmt":"2020-11-15T09:00:03","guid":{"rendered":"https:\/\/blogsaverroes.juntadeandalucia.es\/laclasedebern\/?p=444"},"modified":"2020-11-15T17:18:34","modified_gmt":"2020-11-15T17:18:34","slug":"practica-de-percusion-corporal","status":"publish","type":"post","link":"https:\/\/blogsaverroes.juntadeandalucia.es\/laclasedebern\/2020\/11\/15\/practica-de-percusion-corporal\/","title":{"rendered":"PR\u00c1CTICA DE PERCUSI\u00d3N CORPORAL"},"content":{"rendered":"<p><span style=\"font-family: 'comic sans ms', sans-serif;font-size: 14pt\">Como recordar\u00e9is, en la \u00faltima sesi\u00f3n de m\u00fasica estuvimos practicando 4 ritmos corporales diferentes. Os dejo aqu\u00ed el PDF de la p\u00e1gina en cuesti\u00f3n.<\/span><\/p>\n<p><span style=\"font-family: 'comic sans ms', sans-serif;font-size: 14pt\"><a href=\"https:\/\/blogsaverroes.juntadeandalucia.es\/laclasedebern\/files\/2020\/11\/M\u00daSICA-RITMOS-UNIDAD-1.pdf\">M\u00daSICA RITMOS UNIDAD 1<\/a><\/span><\/p>\n<p>&nbsp;<\/p>\n<p>Es importante tener en cuenta a qu\u00e9 lado est\u00e1n las plicas de las figuras:<\/p>\n<p>a) Plica a la izquierda y abajo, mano izquierda.<\/p>\n<p>b) Plica a la derecha y arriba, mano derecha.<\/p>\n<p>c) Doble plica, las dos manos.<\/p>\n<p>d) En el caso de las palmas, no importa, porque las palmas siempre se tocan a la vez.<\/p>\n","protected":false},"excerpt":{"rendered":"<p>Como recordar\u00e9is, en la \u00faltima sesi\u00f3n de m\u00fasica estuvimos practicando 4 ritmos corporales diferentes. Os dejo aqu\u00ed el PDF de la p\u00e1gina en cuesti\u00f3n. M\u00daSICA RITMOS UNIDAD 1 &nbsp; Es importante tener en cuenta a qu\u00e9 lado est\u00e1n las plicas&#46;&#46;&#46;<\/p>\n","protected":false},"author":10895,"featured_media":0,"comment_status":"open","ping_status":"closed","sticky":false,"template":"","format":"standard","meta":{"ngg_post_thumbnail":0,"footnotes":""},"categories":[13],"tags":[32,34],"aioseo_notices":[],"post_mailing_queue_ids":[],"_links":{"self":[{"href":"https:\/\/blogsaverroes.juntadeandalucia.es\/laclasedebern\/wp-json\/wp\/v2\/posts\/444"}],"collection":[{"href":"https:\/\/blogsaverroes.juntadeandalucia.es\/laclasedebern\/wp-json\/wp\/v2\/posts"}],"about":[{"href":"https:\/\/blogsaverroes.juntadeandalucia.es\/laclasedebern\/wp-json\/wp\/v2\/types\/post"}],"author":[{"embeddable":true,"href":"https:\/\/blogsaverroes.juntadeandalucia.es\/laclasedebern\/wp-json\/wp\/v2\/users\/10895"}],"replies":[{"embeddable":true,"href":"https:\/\/blogsaverroes.juntadeandalucia.es\/laclasedebern\/wp-json\/wp\/v2\/comments?post=444"}],"version-history":[{"count":3,"href":"https:\/\/blogsaverroes.juntadeandalucia.es\/laclasedebern\/wp-json\/wp\/v2\/posts\/444\/revisions"}],"predecessor-version":[{"id":449,"href":"https:\/\/blogsaverroes.juntadeandalucia.es\/laclasedebern\/wp-json\/wp\/v2\/posts\/444\/revisions\/449"}],"wp:attachment":[{"href":"https:\/\/blogsaverroes.juntadeandalucia.es\/laclasedebern\/wp-json\/wp\/v2\/media?parent=444"}],"wp:term":[{"taxonomy":"category","embeddable":true,"href":"https:\/\/blogsaverroes.juntadeandalucia.es\/laclasedebern\/wp-json\/wp\/v2\/categories?post=444"},{"taxonomy":"post_tag","embeddable":true,"href":"https:\/\/blogsaverroes.juntadeandalucia.es\/laclasedebern\/wp-json\/wp\/v2\/tags?post=444"}],"curies":[{"name":"wp","href":"https:\/\/api.w.org\/{rel}","templated":true}]}}