{"id":260,"date":"2017-11-30T19:34:34","date_gmt":"2017-11-30T19:34:34","guid":{"rendered":"https:\/\/blogsaverroes.juntadeandalucia.es\/lacontraviesafoodfactory\/?p=260"},"modified":"2019-09-25T08:44:06","modified_gmt":"2019-09-25T08:44:06","slug":"la-super-almendra-poderosa","status":"publish","type":"post","link":"https:\/\/blogsaverroes.juntadeandalucia.es\/lacontraviesafoodfactory\/2017\/11\/30\/la-super-almendra-poderosa\/","title":{"rendered":"La s\u00faper almendra poderosa."},"content":{"rendered":"<p>LA S\u00daPER ALMENDRA PODEROSA.<\/p>\n<p align=\"justify\">En esta semana, en nuestro curso de 1\u00ba de F.P.B, hemos elaborado frutos secos (almendras).<\/p>\n<p align=\"justify\">Para empezar se parten las almendras para poder sacarles la pepita, en segundo lugar, se fr\u00eden las almendras con aceite de oliva y sal fina de mesa, despu\u00e9s de freirlas se envasan en bolsitas se le decora y se le hace la etiqueta, se le pega a la bolsita y lista para vender.<\/p>\n<p align=\"justify\">Nos lo pasamos muy bien elaborando las almendras. Dos de mis compa\u00f1eros eran los que se encargaban de fre\u00edr las almendras y mezclarlas con la sal. Por otro lado, otros 3 compa\u00f1eros m\u00e1s, se encargaban de envasarlas en una bolsita de pl\u00e1stico y decorarlas con un lacito. Tambi\u00e9n, 2 compa\u00f1eros se encargaban de dise\u00f1ar la etiqueta que llevaba cada bolsita de almendras. Por ultimo lugar, estaba nuestro compa\u00f1ero el dise\u00f1ador, \u00e9l se encargaba de dise\u00f1ar un cartel, para poder hacer la presentaci\u00f3n de nuestra elaboraci\u00f3n.<\/p>\n<p align=\"justify\">Tere<a href=\"https:\/\/blogsaverroes.juntadeandalucia.es\/lacontraviesafoodfactory\/files\/2017\/11\/DSC03914-e1512049161359.jpg\"><img loading=\"lazy\" decoding=\"async\" class=\"aligncenter wp-image-261 size-large\" src=\"https:\/\/blogsaverroes.juntadeandalucia.es\/lacontraviesafoodfactory\/files\/2017\/11\/DSC03914-e1512049161359-575x1024.jpg\" alt=\"\" width=\"474\" height=\"844\" srcset=\"https:\/\/blogsaverroes.juntadeandalucia.es\/lacontraviesafoodfactory\/files\/2017\/11\/DSC03914-e1512049161359-575x1024.jpg 575w, https:\/\/blogsaverroes.juntadeandalucia.es\/lacontraviesafoodfactory\/files\/2017\/11\/DSC03914-e1512049161359-168x300.jpg 168w, https:\/\/blogsaverroes.juntadeandalucia.es\/lacontraviesafoodfactory\/files\/2017\/11\/DSC03914-e1512049161359-768x1368.jpg 768w, https:\/\/blogsaverroes.juntadeandalucia.es\/lacontraviesafoodfactory\/files\/2017\/11\/DSC03914-e1512049161359-13x24.jpg 13w, https:\/\/blogsaverroes.juntadeandalucia.es\/lacontraviesafoodfactory\/files\/2017\/11\/DSC03914-e1512049161359-20x36.jpg 20w, https:\/\/blogsaverroes.juntadeandalucia.es\/lacontraviesafoodfactory\/files\/2017\/11\/DSC03914-e1512049161359-27x48.jpg 27w, https:\/\/blogsaverroes.juntadeandalucia.es\/lacontraviesafoodfactory\/files\/2017\/11\/DSC03914-e1512049161359.jpg 899w\" sizes=\"(max-width: 474px) 100vw, 474px\" \/><\/a><a href=\"https:\/\/blogsaverroes.juntadeandalucia.es\/lacontraviesafoodfactory\/files\/2017\/11\/DSC03922.jpg\"><img loading=\"lazy\" decoding=\"async\" class=\"aligncenter wp-image-262 size-large\" src=\"https:\/\/blogsaverroes.juntadeandalucia.es\/lacontraviesafoodfactory\/files\/2017\/11\/DSC03922-1024x575.jpg\" alt=\"\" width=\"474\" height=\"266\" srcset=\"https:\/\/blogsaverroes.juntadeandalucia.es\/lacontraviesafoodfactory\/files\/2017\/11\/DSC03922-1024x575.jpg 1024w, https:\/\/blogsaverroes.juntadeandalucia.es\/lacontraviesafoodfactory\/files\/2017\/11\/DSC03922-300x168.jpg 300w, https:\/\/blogsaverroes.juntadeandalucia.es\/lacontraviesafoodfactory\/files\/2017\/11\/DSC03922-768x431.jpg 768w, https:\/\/blogsaverroes.juntadeandalucia.es\/lacontraviesafoodfactory\/files\/2017\/11\/DSC03922-24x13.jpg 24w, https:\/\/blogsaverroes.juntadeandalucia.es\/lacontraviesafoodfactory\/files\/2017\/11\/DSC03922-36x20.jpg 36w, https:\/\/blogsaverroes.juntadeandalucia.es\/lacontraviesafoodfactory\/files\/2017\/11\/DSC03922-48x27.jpg 48w, https:\/\/blogsaverroes.juntadeandalucia.es\/lacontraviesafoodfactory\/files\/2017\/11\/DSC03922.jpg 1600w\" sizes=\"(max-width: 474px) 100vw, 474px\" \/><\/a><\/p>\n<p align=\"justify\"><a href=\"https:\/\/blogsaverroes.juntadeandalucia.es\/lacontraviesafoodfactory\/files\/2017\/11\/DSC03927.jpg\"><img loading=\"lazy\" decoding=\"async\" class=\"aligncenter wp-image-264 size-large\" src=\"https:\/\/blogsaverroes.juntadeandalucia.es\/lacontraviesafoodfactory\/files\/2017\/11\/DSC03927-1024x575.jpg\" alt=\"\" width=\"474\" height=\"266\" srcset=\"https:\/\/blogsaverroes.juntadeandalucia.es\/lacontraviesafoodfactory\/files\/2017\/11\/DSC03927-1024x575.jpg 1024w, https:\/\/blogsaverroes.juntadeandalucia.es\/lacontraviesafoodfactory\/files\/2017\/11\/DSC03927-300x168.jpg 300w, https:\/\/blogsaverroes.juntadeandalucia.es\/lacontraviesafoodfactory\/files\/2017\/11\/DSC03927-768x431.jpg 768w, https:\/\/blogsaverroes.juntadeandalucia.es\/lacontraviesafoodfactory\/files\/2017\/11\/DSC03927-24x13.jpg 24w, https:\/\/blogsaverroes.juntadeandalucia.es\/lacontraviesafoodfactory\/files\/2017\/11\/DSC03927-36x20.jpg 36w, https:\/\/blogsaverroes.juntadeandalucia.es\/lacontraviesafoodfactory\/files\/2017\/11\/DSC03927-48x27.jpg 48w, https:\/\/blogsaverroes.juntadeandalucia.es\/lacontraviesafoodfactory\/files\/2017\/11\/DSC03927.jpg 1600w\" sizes=\"(max-width: 474px) 100vw, 474px\" \/><\/a><\/p>\n<p align=\"justify\"><a href=\"https:\/\/blogsaverroes.juntadeandalucia.es\/lacontraviesafoodfactory\/files\/2017\/11\/DSC03932.jpg\"><img loading=\"lazy\" decoding=\"async\" class=\"aligncenter wp-image-266 size-large\" src=\"https:\/\/blogsaverroes.juntadeandalucia.es\/lacontraviesafoodfactory\/files\/2017\/11\/DSC03932-1024x575.jpg\" alt=\"\" width=\"474\" height=\"266\" srcset=\"https:\/\/blogsaverroes.juntadeandalucia.es\/lacontraviesafoodfactory\/files\/2017\/11\/DSC03932-1024x575.jpg 1024w, https:\/\/blogsaverroes.juntadeandalucia.es\/lacontraviesafoodfactory\/files\/2017\/11\/DSC03932-300x168.jpg 300w, https:\/\/blogsaverroes.juntadeandalucia.es\/lacontraviesafoodfactory\/files\/2017\/11\/DSC03932-768x431.jpg 768w, https:\/\/blogsaverroes.juntadeandalucia.es\/lacontraviesafoodfactory\/files\/2017\/11\/DSC03932-24x13.jpg 24w, https:\/\/blogsaverroes.juntadeandalucia.es\/lacontraviesafoodfactory\/files\/2017\/11\/DSC03932-36x20.jpg 36w, https:\/\/blogsaverroes.juntadeandalucia.es\/lacontraviesafoodfactory\/files\/2017\/11\/DSC03932-48x27.jpg 48w, https:\/\/blogsaverroes.juntadeandalucia.es\/lacontraviesafoodfactory\/files\/2017\/11\/DSC03932.jpg 1600w\" sizes=\"(max-width: 474px) 100vw, 474px\" \/><\/a><a href=\"https:\/\/blogsaverroes.juntadeandalucia.es\/lacontraviesafoodfactory\/files\/2017\/11\/DSC03943.jpg\"><img loading=\"lazy\" decoding=\"async\" class=\"aligncenter wp-image-268 size-large\" src=\"https:\/\/blogsaverroes.juntadeandalucia.es\/lacontraviesafoodfactory\/files\/2017\/11\/DSC03943-1024x575.jpg\" alt=\"\" width=\"474\" height=\"266\" srcset=\"https:\/\/blogsaverroes.juntadeandalucia.es\/lacontraviesafoodfactory\/files\/2017\/11\/DSC03943-1024x575.jpg 1024w, https:\/\/blogsaverroes.juntadeandalucia.es\/lacontraviesafoodfactory\/files\/2017\/11\/DSC03943-300x168.jpg 300w, https:\/\/blogsaverroes.juntadeandalucia.es\/lacontraviesafoodfactory\/files\/2017\/11\/DSC03943-768x431.jpg 768w, https:\/\/blogsaverroes.juntadeandalucia.es\/lacontraviesafoodfactory\/files\/2017\/11\/DSC03943-24x13.jpg 24w, https:\/\/blogsaverroes.juntadeandalucia.es\/lacontraviesafoodfactory\/files\/2017\/11\/DSC03943-36x20.jpg 36w, https:\/\/blogsaverroes.juntadeandalucia.es\/lacontraviesafoodfactory\/files\/2017\/11\/DSC03943-48x27.jpg 48w, https:\/\/blogsaverroes.juntadeandalucia.es\/lacontraviesafoodfactory\/files\/2017\/11\/DSC03943.jpg 1600w\" sizes=\"(max-width: 474px) 100vw, 474px\" \/><\/a><a href=\"https:\/\/blogsaverroes.juntadeandalucia.es\/lacontraviesafoodfactory\/files\/2017\/11\/DSC03944.jpg\"><img loading=\"lazy\" decoding=\"async\" class=\"aligncenter wp-image-269 size-large\" src=\"https:\/\/blogsaverroes.juntadeandalucia.es\/lacontraviesafoodfactory\/files\/2017\/11\/DSC03944-1024x575.jpg\" alt=\"\" width=\"474\" height=\"266\" srcset=\"https:\/\/blogsaverroes.juntadeandalucia.es\/lacontraviesafoodfactory\/files\/2017\/11\/DSC03944-1024x575.jpg 1024w, https:\/\/blogsaverroes.juntadeandalucia.es\/lacontraviesafoodfactory\/files\/2017\/11\/DSC03944-300x168.jpg 300w, https:\/\/blogsaverroes.juntadeandalucia.es\/lacontraviesafoodfactory\/files\/2017\/11\/DSC03944-768x431.jpg 768w, https:\/\/blogsaverroes.juntadeandalucia.es\/lacontraviesafoodfactory\/files\/2017\/11\/DSC03944-24x13.jpg 24w, https:\/\/blogsaverroes.juntadeandalucia.es\/lacontraviesafoodfactory\/files\/2017\/11\/DSC03944-36x20.jpg 36w, https:\/\/blogsaverroes.juntadeandalucia.es\/lacontraviesafoodfactory\/files\/2017\/11\/DSC03944-48x27.jpg 48w, https:\/\/blogsaverroes.juntadeandalucia.es\/lacontraviesafoodfactory\/files\/2017\/11\/DSC03944.jpg 1600w\" sizes=\"(max-width: 474px) 100vw, 474px\" \/><\/a><a href=\"https:\/\/blogsaverroes.juntadeandalucia.es\/lacontraviesafoodfactory\/files\/2017\/11\/DSC03944.jpg\"><img loading=\"lazy\" decoding=\"async\" class=\"aligncenter wp-image-274 size-large\" src=\"https:\/\/blogsaverroes.juntadeandalucia.es\/lacontraviesafoodfactory\/files\/2017\/11\/Imagen2-1024x575.jpg\" alt=\"\" width=\"474\" height=\"266\" srcset=\"https:\/\/blogsaverroes.juntadeandalucia.es\/lacontraviesafoodfactory\/files\/2017\/11\/Imagen2-1024x575.jpg 1024w, https:\/\/blogsaverroes.juntadeandalucia.es\/lacontraviesafoodfactory\/files\/2017\/11\/Imagen2-300x169.jpg 300w, https:\/\/blogsaverroes.juntadeandalucia.es\/lacontraviesafoodfactory\/files\/2017\/11\/Imagen2-768x432.jpg 768w, https:\/\/blogsaverroes.juntadeandalucia.es\/lacontraviesafoodfactory\/files\/2017\/11\/Imagen2-24x13.jpg 24w, https:\/\/blogsaverroes.juntadeandalucia.es\/lacontraviesafoodfactory\/files\/2017\/11\/Imagen2-36x20.jpg 36w, https:\/\/blogsaverroes.juntadeandalucia.es\/lacontraviesafoodfactory\/files\/2017\/11\/Imagen2-48x27.jpg 48w, https:\/\/blogsaverroes.juntadeandalucia.es\/lacontraviesafoodfactory\/files\/2017\/11\/Imagen2.jpg 1500w\" sizes=\"(max-width: 474px) 100vw, 474px\" \/><\/a><a href=\"https:\/\/blogsaverroes.juntadeandalucia.es\/lacontraviesafoodfactory\/files\/2017\/11\/DSC03941.jpg\"><img loading=\"lazy\" decoding=\"async\" class=\"aligncenter wp-image-273 size-large\" src=\"https:\/\/blogsaverroes.juntadeandalucia.es\/lacontraviesafoodfactory\/files\/2017\/11\/DSC03941-1024x575.jpg\" alt=\"\" width=\"474\" height=\"266\" srcset=\"https:\/\/blogsaverroes.juntadeandalucia.es\/lacontraviesafoodfactory\/files\/2017\/11\/DSC03941-1024x575.jpg 1024w, https:\/\/blogsaverroes.juntadeandalucia.es\/lacontraviesafoodfactory\/files\/2017\/11\/DSC03941-300x168.jpg 300w, https:\/\/blogsaverroes.juntadeandalucia.es\/lacontraviesafoodfactory\/files\/2017\/11\/DSC03941-768x431.jpg 768w, https:\/\/blogsaverroes.juntadeandalucia.es\/lacontraviesafoodfactory\/files\/2017\/11\/DSC03941-24x13.jpg 24w, https:\/\/blogsaverroes.juntadeandalucia.es\/lacontraviesafoodfactory\/files\/2017\/11\/DSC03941-36x20.jpg 36w, https:\/\/blogsaverroes.juntadeandalucia.es\/lacontraviesafoodfactory\/files\/2017\/11\/DSC03941-48x27.jpg 48w, https:\/\/blogsaverroes.juntadeandalucia.es\/lacontraviesafoodfactory\/files\/2017\/11\/DSC03941.jpg 1600w\" sizes=\"(max-width: 474px) 100vw, 474px\" \/><\/a><\/p>\n<p align=\"justify\">&nbsp;<\/p>\n","protected":false},"excerpt":{"rendered":"<p>LA S\u00daPER ALMENDRA PODEROSA. En esta semana, en nuestro curso de 1\u00ba de F.P.B, hemos elaborado frutos secos (almendras). Para empezar se parten las almendras para poder sacarles la pepita, en segundo lugar, se fr\u00eden las almendras con aceite de oliva y sal fina de mesa, despu\u00e9s de freirlas se envasan en bolsitas se le &hellip; <a href=\"https:\/\/blogsaverroes.juntadeandalucia.es\/lacontraviesafoodfactory\/2017\/11\/30\/la-super-almendra-poderosa\/\" class=\"more-link\">Seguir leyendo <span class=\"screen-reader-text\">La s\u00faper almendra poderosa.<\/span> <span class=\"meta-nav\">&rarr;<\/span><\/a><\/p>\n","protected":false},"author":4031,"featured_media":262,"comment_status":"open","ping_status":"open","sticky":false,"template":"","format":"standard","meta":{"ngg_post_thumbnail":0,"footnotes":""},"categories":[1190517,1237898],"tags":[1239641,1233933,1239640,13411],"aioseo_notices":[],"_links":{"self":[{"href":"https:\/\/blogsaverroes.juntadeandalucia.es\/lacontraviesafoodfactory\/wp-json\/wp\/v2\/posts\/260"}],"collection":[{"href":"https:\/\/blogsaverroes.juntadeandalucia.es\/lacontraviesafoodfactory\/wp-json\/wp\/v2\/posts"}],"about":[{"href":"https:\/\/blogsaverroes.juntadeandalucia.es\/lacontraviesafoodfactory\/wp-json\/wp\/v2\/types\/post"}],"author":[{"embeddable":true,"href":"https:\/\/blogsaverroes.juntadeandalucia.es\/lacontraviesafoodfactory\/wp-json\/wp\/v2\/users\/4031"}],"replies":[{"embeddable":true,"href":"https:\/\/blogsaverroes.juntadeandalucia.es\/lacontraviesafoodfactory\/wp-json\/wp\/v2\/comments?post=260"}],"version-history":[{"count":2,"href":"https:\/\/blogsaverroes.juntadeandalucia.es\/lacontraviesafoodfactory\/wp-json\/wp\/v2\/posts\/260\/revisions"}],"predecessor-version":[{"id":275,"href":"https:\/\/blogsaverroes.juntadeandalucia.es\/lacontraviesafoodfactory\/wp-json\/wp\/v2\/posts\/260\/revisions\/275"}],"wp:featuredmedia":[{"embeddable":true,"href":"https:\/\/blogsaverroes.juntadeandalucia.es\/lacontraviesafoodfactory\/wp-json\/wp\/v2\/media\/262"}],"wp:attachment":[{"href":"https:\/\/blogsaverroes.juntadeandalucia.es\/lacontraviesafoodfactory\/wp-json\/wp\/v2\/media?parent=260"}],"wp:term":[{"taxonomy":"category","embeddable":true,"href":"https:\/\/blogsaverroes.juntadeandalucia.es\/lacontraviesafoodfactory\/wp-json\/wp\/v2\/categories?post=260"},{"taxonomy":"post_tag","embeddable":true,"href":"https:\/\/blogsaverroes.juntadeandalucia.es\/lacontraviesafoodfactory\/wp-json\/wp\/v2\/tags?post=260"}],"curies":[{"name":"wp","href":"https:\/\/api.w.org\/{rel}","templated":true}]}}