{"id":63,"date":"2021-04-24T11:38:06","date_gmt":"2021-04-24T11:38:06","guid":{"rendered":"https:\/\/blogsaverroes.juntadeandalucia.es\/laescueladua\/?p=63"},"modified":"2021-04-24T11:38:35","modified_gmt":"2021-04-24T11:38:35","slug":"que-es-spa","status":"publish","type":"post","link":"https:\/\/blogsaverroes.juntadeandalucia.es\/laescueladua\/2021\/04\/24\/que-es-spa\/","title":{"rendered":"Qu\u00e9 es SPA"},"content":{"rendered":"<div data-draftjs-conductor-fragment=\"{&quot;blocks&quot;:[{&quot;key&quot;:&quot;a08d1&quot;,&quot;text&quot;:&quot;El siginificado que te viene a la mente es el de relax, y m\u00e1s en estas fechas. SPA son siglas que vienen del significado en lat\u00edn : salus per aquam, o sea, 'salud a trav\u00e9s del agua'.&quot;,&quot;type&quot;:&quot;unstyled&quot;,&quot;depth&quot;:0,&quot;inlineStyleRanges&quot;:[{&quot;offset&quot;:132,&quot;length&quot;:15,&quot;style&quot;:&quot;ITALIC&quot;},{&quot;offset&quot;:157,&quot;length&quot;:23,&quot;style&quot;:&quot;ITALIC&quot;}],&quot;entityRanges&quot;:[],&quot;data&quot;:{&quot;textAlignment&quot;:&quot;justify&quot;}},{&quot;key&quot;:&quot;6i8kq&quot;,&quot;text&quot;:&quot; &quot;,&quot;type&quot;:&quot;unstyled&quot;,&quot;depth&quot;:0,&quot;inlineStyleRanges&quot;:[],&quot;entityRanges&quot;:[],&quot;data&quot;:{&quot;textAlignment&quot;:&quot;justify&quot;}},{&quot;key&quot;:&quot;ealdt&quot;,&quot;text&quot;:&quot; &quot;,&quot;type&quot;:&quot;atomic&quot;,&quot;depth&quot;:0,&quot;inlineStyleRanges&quot;:[],&quot;entityRanges&quot;:[{&quot;offset&quot;:0,&quot;length&quot;:1,&quot;key&quot;:0}],&quot;data&quot;:{}},{&quot;key&quot;:&quot;28e6q&quot;,&quot;text&quot;:&quot; &quot;,&quot;type&quot;:&quot;unstyled&quot;,&quot;depth&quot;:0,&quot;inlineStyleRanges&quot;:[],&quot;entityRanges&quot;:[],&quot;data&quot;:{}},{&quot;key&quot;:&quot;4cepa&quot;,&quot;text&quot;:&quot;Pero lo siento, no me refiero a esto......SPA: S\u00edndrome del Pensamiento Acelerado. Ese es el que sufren los adolescentes de la actualidad. Tienen un exceso de est\u00edmulos (visual, sonoro, exceso de informaci\u00f3n, exceso de consumo y exceso de est\u00e9tica) lo que hace que aumente su velocidad de pensamiento.&quot;,&quot;type&quot;:&quot;unstyled&quot;,&quot;depth&quot;:0,&quot;inlineStyleRanges&quot;:[{&quot;offset&quot;:0,&quot;length&quot;:42,&quot;style&quot;:&quot;16&quot;},{&quot;offset&quot;:0,&quot;length&quot;:42,&quot;style&quot;:&quot;ITALIC&quot;},{&quot;offset&quot;:0,&quot;length&quot;:82,&quot;style&quot;:&quot;BOLD&quot;}],&quot;entityRanges&quot;:[],&quot;data&quot;:{&quot;textAlignment&quot;:&quot;justify&quot;}},{&quot;key&quot;:&quot;badk1&quot;,&quot;text&quot;:&quot; &quot;,&quot;type&quot;:&quot;unstyled&quot;,&quot;depth&quot;:0,&quot;inlineStyleRanges&quot;:[],&quot;entityRanges&quot;:[],&quot;data&quot;:{&quot;textAlignment&quot;:&quot;justify&quot;}},{&quot;key&quot;:&quot;1m8ba&quot;,&quot;text&quot;:&quot;SPA=exceso est\u00edmulos + aumento de la velocidad de pensamiento. &quot;,&quot;type&quot;:&quot;unstyled&quot;,&quot;depth&quot;:0,&quot;inlineStyleRanges&quot;:[{&quot;offset&quot;:0,&quot;length&quot;:63,&quot;style&quot;:&quot;BOLD&quot;}],&quot;entityRanges&quot;:[],&quot;data&quot;:{&quot;textAlignment&quot;:&quot;center&quot;}},{&quot;key&quot;:&quot;fpbjj&quot;,&quot;text&quot;:&quot;El aumento de la velocidad produce falta de concentraci\u00f3n y aumento de la ansiedad. Para calmar la ansiedad \u00bfQue buscas? m\u00e1s est\u00edmulos, es decir, somos adictos a los est\u00edmulos. La avalancha de informaci\u00f3n hace que los pensamientos no se terminen.&quot;,&quot;type&quot;:&quot;unstyled&quot;,&quot;depth&quot;:0,&quot;inlineStyleRanges&quot;:[{&quot;offset&quot;:113,&quot;length&quot;:6,&quot;style&quot;:&quot;ITALIC&quot;}],&quot;entityRanges&quot;:[],&quot;data&quot;:{&quot;textAlignment&quot;:&quot;justify&quot;}}],&quot;entityMap&quot;:{&quot;0&quot;:{&quot;type&quot;:&quot;wix-draft-plugin-image&quot;,&quot;mutability&quot;:&quot;IMMUTABLE&quot;,&quot;data&quot;:{&quot;config&quot;:{&quot;alignment&quot;:&quot;left&quot;,&quot;size&quot;:&quot;small&quot;,&quot;showTitle&quot;:true,&quot;showDescription&quot;:true,&quot;key&quot;:&quot;aoi07&quot;},&quot;src&quot;:{&quot;id&quot;:&quot;487873_6e22401e3bb6439cb1b11368c0076988~mv2.jpg&quot;,&quot;original_file_name&quot;:&quot;487873_6e22401e3bb6439cb1b11368c0076988~mv2.jpg&quot;,&quot;file_name&quot;:&quot;487873_6e22401e3bb6439cb1b11368c0076988~mv2.jpg&quot;,&quot;width&quot;:768,&quot;height&quot;:480},&quot;metadata&quot;:{&quot;alt&quot;:&quot;&quot;}}}}}\">\n<div class=\"jwLWP _2hXa7 _30PMG blog-post-text-font blog-post-text-color c1DFJ public-DraftStyleDefault-block-depth0 public-DraftStyleDefault-text-ltr\" data-block=\"true\" data-editor=\"editor\" data-offset-key=\"aoi07-0-0\">\n<div class=\"public-DraftStyleDefault-block public-DraftStyleDefault-ltr\" data-offset-key=\"aoi07-0-0\"><span data-offset-key=\"aoi07-0-0\">El significado que te viene a la mente es el de relax, y m\u00e1s en estas fechas. SPA son siglas que vienen del significado en lat\u00edn : <\/span><span data-offset-key=\"aoi07-0-1\">salus per aquam<\/span><span data-offset-key=\"aoi07-0-2\">, o sea, &#8216;<\/span><span data-offset-key=\"aoi07-0-3\">salud a trav\u00e9s del agua<\/span><span data-offset-key=\"aoi07-0-4\">&#8216;.<\/span><\/div>\n<\/div>\n<div class=\"jwLWP _2hXa7 _30PMG blog-post-text-font blog-post-text-color c1DFJ public-DraftStyleDefault-block-depth0 public-DraftStyleDefault-text-ltr\" data-block=\"true\" data-editor=\"editor\" data-offset-key=\"ab9el-0-0\">\n<div class=\"public-DraftStyleDefault-block public-DraftStyleDefault-ltr\" data-offset-key=\"ab9el-0-0\">&nbsp;<\/div>\n<\/div>\n<figure class=\"_3Ecss _5CHil\" data-block=\"true\" data-editor=\"editor\" data-offset-key=\"75vh4-0-0\">\n<div class=\"_1UlcP F9sz5 TRHCl _3PaWO _1OP8m _1ZsXO _1YxDs _2YTBO f3bms4w _32sdV _3FdaW _20u8Q\" role=\"none\" data-focus=\"true\">\n<div class=\"_2o-_D image-container f3bms4w\" role=\"button\" data-hook=\"imageViewer\">\n<div class=\"_3lvoN\" role=\"img\" aria-label=\"\"><img decoding=\"async\" class=\"_5JW6l _36UM9 alignleft\" src=\"https:\/\/static.wixstatic.com\/media\/487873_6e22401e3bb6439cb1b11368c0076988~mv2.jpg\/v1\/fill\/w_360,h_225,al_c,q_90,usm_0.66_1.00_0.01\/487873_6e22401e3bb6439cb1b11368c0076988~mv2.webp\" alt=\"\"><\/div>\n<div class=\"public-DraftStyleDefault-block public-DraftStyleDefault-ltr\" data-offset-key=\"45hnr-0-0\"><span data-offset-key=\"45hnr-0-0\">Pero lo siento, no me refiero a esto&#8230;&#8230;<\/span><span data-offset-key=\"45hnr-0-1\">SPA: S\u00edndrome del Pensamiento Acelerado.<\/span><span data-offset-key=\"45hnr-0-2\"> Ese es el que sufren los adolescentes de la actualidad. Tienen un exceso de est\u00edmulos (visual, sonoro, exceso de informaci\u00f3n, exceso de consumo y exceso de est\u00e9tica) lo que hace que aumente su velocidad de pensamiento.<\/span><\/div>\n<\/div>\n<\/div>\n<\/figure>\n<div class=\"jwLWP _2hXa7 _30PMG blog-post-text-font blog-post-text-color c1DFJ public-DraftStyleDefault-block-depth0 public-DraftStyleDefault-text-ltr\" data-block=\"true\" data-editor=\"editor\" data-offset-key=\"554l3-0-0\">\n<div class=\"public-DraftStyleDefault-block public-DraftStyleDefault-ltr\" data-offset-key=\"554l3-0-0\">&nbsp;<\/div>\n<\/div>\n<div class=\"jwLWP _2hXa7 _30PMG blog-post-text-font blog-post-text-color _21OX4 public-DraftStyleDefault-block-depth0 public-DraftStyleDefault-text-ltr\" data-block=\"true\" data-editor=\"editor\" data-offset-key=\"p164-0-0\">\n<div class=\"public-DraftStyleDefault-block public-DraftStyleDefault-ltr\" data-offset-key=\"p164-0-0\"><span data-offset-key=\"p164-0-0\">SPA=exceso est\u00edmulos + aumento de la velocidad de pensamiento. <\/span><\/div>\n<\/div>\n<div class=\"jwLWP _2hXa7 _30PMG blog-post-text-font blog-post-text-color c1DFJ public-DraftStyleDefault-block-depth0 public-DraftStyleDefault-text-ltr\" data-block=\"true\" data-editor=\"editor\" data-offset-key=\"djfq3-0-0\">\n<div class=\"public-DraftStyleDefault-block public-DraftStyleDefault-ltr\" data-offset-key=\"djfq3-0-0\"><span data-offset-key=\"djfq3-0-0\">El aumento de la velocidad produce falta de concentraci\u00f3n y aumento de la ansiedad. Para calmar la ansiedad \u00bfQue <\/span><span data-offset-key=\"djfq3-0-1\">buscas<\/span><span data-offset-key=\"djfq3-0-2\">? m\u00e1s est\u00edmulos, es decir, somos adictos a los est\u00edmulos. La avalancha de informaci\u00f3n hace que los pensamientos no se terminen.<\/span><\/div>\n<\/div>\n<\/div>\n","protected":false},"excerpt":{"rendered":"<p>El significado que te viene a la mente es el de relax, y m\u00e1s en estas fechas. SPA son siglas que vienen del significado en lat\u00edn : salus per aquam, o sea, &#8216;salud a trav\u00e9s del agua&#8216;. &nbsp; Pero lo siento, no me refiero a esto&#8230;&#8230;SPA: S\u00edndrome del Pensamiento Acelerado. Ese es el que sufren &hellip; <\/p>\n<p><a class=\"more-link btn\" href=\"https:\/\/blogsaverroes.juntadeandalucia.es\/laescueladua\/2021\/04\/24\/que-es-spa\/\">Seguir leyendo<\/a><\/p>\n","protected":false},"author":12694,"featured_media":0,"comment_status":"open","ping_status":"open","sticky":false,"template":"","format":"standard","meta":{"ngg_post_thumbnail":0,"footnotes":""},"categories":[3,5],"tags":[],"aioseo_notices":[],"_links":{"self":[{"href":"https:\/\/blogsaverroes.juntadeandalucia.es\/laescueladua\/wp-json\/wp\/v2\/posts\/63"}],"collection":[{"href":"https:\/\/blogsaverroes.juntadeandalucia.es\/laescueladua\/wp-json\/wp\/v2\/posts"}],"about":[{"href":"https:\/\/blogsaverroes.juntadeandalucia.es\/laescueladua\/wp-json\/wp\/v2\/types\/post"}],"author":[{"embeddable":true,"href":"https:\/\/blogsaverroes.juntadeandalucia.es\/laescueladua\/wp-json\/wp\/v2\/users\/12694"}],"replies":[{"embeddable":true,"href":"https:\/\/blogsaverroes.juntadeandalucia.es\/laescueladua\/wp-json\/wp\/v2\/comments?post=63"}],"version-history":[{"count":2,"href":"https:\/\/blogsaverroes.juntadeandalucia.es\/laescueladua\/wp-json\/wp\/v2\/posts\/63\/revisions"}],"predecessor-version":[{"id":65,"href":"https:\/\/blogsaverroes.juntadeandalucia.es\/laescueladua\/wp-json\/wp\/v2\/posts\/63\/revisions\/65"}],"wp:attachment":[{"href":"https:\/\/blogsaverroes.juntadeandalucia.es\/laescueladua\/wp-json\/wp\/v2\/media?parent=63"}],"wp:term":[{"taxonomy":"category","embeddable":true,"href":"https:\/\/blogsaverroes.juntadeandalucia.es\/laescueladua\/wp-json\/wp\/v2\/categories?post=63"},{"taxonomy":"post_tag","embeddable":true,"href":"https:\/\/blogsaverroes.juntadeandalucia.es\/laescueladua\/wp-json\/wp\/v2\/tags?post=63"}],"curies":[{"name":"wp","href":"https:\/\/api.w.org\/{rel}","templated":true}]}}