{"id":653,"date":"2022-05-29T08:47:51","date_gmt":"2022-05-29T08:47:51","guid":{"rendered":"https:\/\/blogsaverroes.juntadeandalucia.es\/laescueladua\/?p=653"},"modified":"2022-05-29T08:53:21","modified_gmt":"2022-05-29T08:53:21","slug":"pensamiento-computacional-y-curriculum","status":"publish","type":"post","link":"https:\/\/blogsaverroes.juntadeandalucia.es\/laescueladua\/2022\/05\/29\/pensamiento-computacional-y-curriculum\/","title":{"rendered":"Pensamiento computacional y curriculum"},"content":{"rendered":"<p><img loading=\"lazy\" decoding=\"async\" class=\"size-medium wp-image-654 alignleft\" src=\"https:\/\/blogsaverroes.juntadeandalucia.es\/laescueladua\/files\/2022\/05\/portada-642x1024-1-188x300.jpeg\" alt=\"\" width=\"188\" height=\"300\" srcset=\"https:\/\/blogsaverroes.juntadeandalucia.es\/laescueladua\/files\/2022\/05\/portada-642x1024-1-188x300.jpeg 188w, https:\/\/blogsaverroes.juntadeandalucia.es\/laescueladua\/files\/2022\/05\/portada-642x1024-1.jpeg 642w\" sizes=\"(max-width: 188px) 100vw, 188px\" \/>\u00abEn el mundo acad\u00e9mico una amplia mayor\u00eda reconoce la importancia de que el alumnado supere su condici\u00f3n de \u201cconsumidores\u201d de tecnolog\u00eda para convertirse en \u201cproductores\u201d. La clave para que se produzca esta transformaci\u00f3n es aprender a programar. Representa una alfabetizaci\u00f3n universal y necesaria que permite al alumnado expresarse en los nuevos lenguajes del S XXI y producir de forma creativa y en equipo sus proyectos en distintas \u00e1reas y contextos. Existen evidencias cient\u00edficas que ponen de manifiesto que la codificaci\u00f3n en el aula mejora los resultados en \u00e1reas como lengua o matem\u00e1ticas, el razonamiento y resoluci\u00f3n de problemas, la creatividad y trabajo en equipo, las habilidades y competencias blandas, la formaci\u00f3n en valores relacionados con el respeto, la compartici\u00f3n, el an\u00e1lisis cr\u00edtico \u2026\u00bb<\/p>\n<p>Extracto de la presentaci\u00f3n del libro <strong>Pensamiento Computacional y Curr\u00edculum. Algo m\u00e1s que aprender a programar<\/strong>. Descarga gratuita en:<\/p>\n<p><a href=\"https:\/\/canaltic.com\/blog\/?p=4992&amp;fbclid=IwAR0ae2Pe8isaLZw1ZkNoHslP0sVMzzEVO2P3xEfkLckth2L3hZUQXhF1UT8\">https:\/\/canaltic.com\/blog\/?p=4992&amp;fbclid=IwAR0ae2Pe8isaLZw1ZkNoHslP0sVMzzEVO2P3xEfkLckth2L3hZUQXhF1UT8<\/a><\/p>\n","protected":false},"excerpt":{"rendered":"<p>\u00abEn el mundo acad\u00e9mico una amplia mayor\u00eda reconoce la importancia de que el alumnado supere su condici\u00f3n de \u201cconsumidores\u201d de tecnolog\u00eda para convertirse en \u201cproductores\u201d. La clave para que se produzca esta transformaci\u00f3n es aprender a programar. Representa una alfabetizaci\u00f3n universal y necesaria que permite al alumnado expresarse en los nuevos lenguajes del S XXI &hellip; <\/p>\n<p><a class=\"more-link btn\" href=\"https:\/\/blogsaverroes.juntadeandalucia.es\/laescueladua\/2022\/05\/29\/pensamiento-computacional-y-curriculum\/\">Seguir leyendo<\/a><\/p>\n","protected":false},"author":12694,"featured_media":0,"comment_status":"open","ping_status":"open","sticky":false,"template":"","format":"standard","meta":{"ngg_post_thumbnail":0,"footnotes":""},"categories":[3,6,1,13],"tags":[8,20,9,21],"aioseo_notices":[],"_links":{"self":[{"href":"https:\/\/blogsaverroes.juntadeandalucia.es\/laescueladua\/wp-json\/wp\/v2\/posts\/653"}],"collection":[{"href":"https:\/\/blogsaverroes.juntadeandalucia.es\/laescueladua\/wp-json\/wp\/v2\/posts"}],"about":[{"href":"https:\/\/blogsaverroes.juntadeandalucia.es\/laescueladua\/wp-json\/wp\/v2\/types\/post"}],"author":[{"embeddable":true,"href":"https:\/\/blogsaverroes.juntadeandalucia.es\/laescueladua\/wp-json\/wp\/v2\/users\/12694"}],"replies":[{"embeddable":true,"href":"https:\/\/blogsaverroes.juntadeandalucia.es\/laescueladua\/wp-json\/wp\/v2\/comments?post=653"}],"version-history":[{"count":1,"href":"https:\/\/blogsaverroes.juntadeandalucia.es\/laescueladua\/wp-json\/wp\/v2\/posts\/653\/revisions"}],"predecessor-version":[{"id":655,"href":"https:\/\/blogsaverroes.juntadeandalucia.es\/laescueladua\/wp-json\/wp\/v2\/posts\/653\/revisions\/655"}],"wp:attachment":[{"href":"https:\/\/blogsaverroes.juntadeandalucia.es\/laescueladua\/wp-json\/wp\/v2\/media?parent=653"}],"wp:term":[{"taxonomy":"category","embeddable":true,"href":"https:\/\/blogsaverroes.juntadeandalucia.es\/laescueladua\/wp-json\/wp\/v2\/categories?post=653"},{"taxonomy":"post_tag","embeddable":true,"href":"https:\/\/blogsaverroes.juntadeandalucia.es\/laescueladua\/wp-json\/wp\/v2\/tags?post=653"}],"curies":[{"name":"wp","href":"https:\/\/api.w.org\/{rel}","templated":true}]}}