{"id":1302,"date":"2021-04-08T09:29:51","date_gmt":"2021-04-08T09:29:51","guid":{"rendered":"https:\/\/blogsaverroes.juntadeandalucia.es\/lahungara\/?p=1302"},"modified":"2021-04-11T16:22:58","modified_gmt":"2021-04-11T16:22:58","slug":"catalogo-rincon-ecologico","status":"publish","type":"post","link":"https:\/\/blogsaverroes.juntadeandalucia.es\/lahungara\/catalogo-rincon-ecologico\/","title":{"rendered":"Cat\u00e1logo del \u00abRinc\u00f3n ecol\u00f3gico\u00bb"},"content":{"rendered":"ngg_shortcode_0_placeholder\n<p align=\"justify\"><span style=\"font-family: Times New Roman, serif\">Una biblioteca debe llamar la atenci\u00f3n del alumnado y sobre todo desde sus estanter\u00edas debe interpelar. Pues los libros y sus contenidos nos llaman a la lectura, pero tambi\u00e9n denuncian la barbarie que los seres humanos cometemos y quiz\u00e1s uno de las mayores sea el da\u00f1o causado a la Madre Tierra. <\/span><\/p>\n<p align=\"justify\"><span style=\"font-family: Times New Roman, serif\">Cuando en 2017 m\u00e1s de quince mil personalidades de la ciencia dieron a conocer su <\/span><span style=\"font-family: Times New Roman, serif\"><i>Segunda advertencia de los cient\u00edficos del mundo a la Humanidad<\/i><\/span><span style=\"font-family: Times New Roman, serif\">, en la que nos avisaban de que realmente quedaba poco tiempo para detener la cat\u00e1strofe, sentimos la necesidad de trabajar este problema crucial, desde las aulas y desde este rinc\u00f3n de la Biblioteca.<\/span><\/p>\n<p align=\"justify\"><span style=\"font-family: Times New Roman, serif\">En nuestro \u201cRinc\u00f3n ecol\u00f3gico\u201d tenemos revistas de asociaciones ecologistas como Green Peace y Ecologistas en Acci\u00f3n. Visibilizamos a las mujeres que han luchado por la ecolog\u00eda como Rachel Carson, Lynn Margulis, Jane Goodal\u2026, as\u00ed como sus libros <\/span><span style=\"font-family: Times New Roman, serif\"><i>La primavera silenciosa<\/i><\/span><span style=\"font-family: Times New Roman, serif\">, <\/span><span style=\"font-family: Times New Roman, serif\"><i>\u00bfQu\u00e9 es la vida? <\/i><\/span><span style=\"font-family: Times New Roman, serif\">All\u00ed se encuentran tambi\u00e9n<\/span><i> <\/i><span style=\"font-family: Times New Roman, serif\">otros que nos acercan al ecofeminismo, por ejemplo el de Alicia H. Puleo: <\/span><span style=\"font-family: Times New Roman, serif\"><i>Claves feministas para rebeldes que aman la Tierra y los animales<\/i><\/span><span style=\"font-family: Times New Roman, serif\">. As\u00ed como t\u00edtulos fundamentales: <\/span><span style=\"font-family: Times New Roman, serif\"><i>La Tierra herida. \u00bfQu\u00e9 mundo heredar\u00e1n nuestros hijos?<\/i><\/span><span style=\"font-family: Times New Roman, serif\">, de Miguel Delibes y su hijo Miguel Delibes de Castro; <\/span><span style=\"font-family: Times New Roman, serif\"><i>El Planeta de los est\u00fapidos<\/i><\/span><span style=\"font-family: Times New Roman, serif\"> de Juan L\u00f3pez de Uralde. Un rinc\u00f3n ver de esperanza que anima nuestra lectura inyectando savia nueva y cr\u00edtica.<\/span><\/p>\n<p align=\"justify\"><span style=\"font-family: Times New Roman, serif\">Pero queremos que nuestro alumnado tome conciencia y trabaje desde su realidad cotidiana para ayudar a mejorar la vida en el Planeta, por lo que uno de los libros estrella de este rinc\u00f3n es <\/span><span style=\"font-family: Times New Roman, serif\"><i>365gestos para salvar el Planeta,<\/i><\/span><span style=\"font-family: Times New Roman, serif\"> de Phillippe Bourseiller y Anne Jank\u00e9liowitch.<\/span><\/p>\n<p>\u00a1Ven a verlo!<\/p>\n","protected":false},"excerpt":{"rendered":"<p>Una biblioteca debe llamar la atenci\u00f3n del alumnado y sobre todo desde sus estanter\u00edas debe interpelar. Pues los libros y sus contenidos nos llaman a la lectura, pero tambi\u00e9n denuncian la barbarie que los seres humanos cometemos y quiz\u00e1s uno de las mayores sea el da\u00f1o causado a la Madre Tierra. Cuando en 2017 m\u00e1s [&hellip;]<\/p>\n","protected":false},"author":12292,"featured_media":1342,"comment_status":"closed","ping_status":"open","sticky":false,"template":"","format":"standard","meta":{"ngg_post_thumbnail":0,"footnotes":""},"categories":[5],"tags":[],"aioseo_notices":[],"_links":{"self":[{"href":"https:\/\/blogsaverroes.juntadeandalucia.es\/lahungara\/wp-json\/wp\/v2\/posts\/1302"}],"collection":[{"href":"https:\/\/blogsaverroes.juntadeandalucia.es\/lahungara\/wp-json\/wp\/v2\/posts"}],"about":[{"href":"https:\/\/blogsaverroes.juntadeandalucia.es\/lahungara\/wp-json\/wp\/v2\/types\/post"}],"author":[{"embeddable":true,"href":"https:\/\/blogsaverroes.juntadeandalucia.es\/lahungara\/wp-json\/wp\/v2\/users\/12292"}],"replies":[{"embeddable":true,"href":"https:\/\/blogsaverroes.juntadeandalucia.es\/lahungara\/wp-json\/wp\/v2\/comments?post=1302"}],"version-history":[{"count":6,"href":"https:\/\/blogsaverroes.juntadeandalucia.es\/lahungara\/wp-json\/wp\/v2\/posts\/1302\/revisions"}],"predecessor-version":[{"id":1337,"href":"https:\/\/blogsaverroes.juntadeandalucia.es\/lahungara\/wp-json\/wp\/v2\/posts\/1302\/revisions\/1337"}],"wp:featuredmedia":[{"embeddable":true,"href":"https:\/\/blogsaverroes.juntadeandalucia.es\/lahungara\/wp-json\/wp\/v2\/media\/1342"}],"wp:attachment":[{"href":"https:\/\/blogsaverroes.juntadeandalucia.es\/lahungara\/wp-json\/wp\/v2\/media?parent=1302"}],"wp:term":[{"taxonomy":"category","embeddable":true,"href":"https:\/\/blogsaverroes.juntadeandalucia.es\/lahungara\/wp-json\/wp\/v2\/categories?post=1302"},{"taxonomy":"post_tag","embeddable":true,"href":"https:\/\/blogsaverroes.juntadeandalucia.es\/lahungara\/wp-json\/wp\/v2\/tags?post=1302"}],"curies":[{"name":"wp","href":"https:\/\/api.w.org\/{rel}","templated":true}]}}