{"id":1314,"date":"2021-04-13T10:49:31","date_gmt":"2021-04-13T10:49:31","guid":{"rendered":"https:\/\/blogsaverroes.juntadeandalucia.es\/lahungara\/?p=1314"},"modified":"2021-04-15T20:24:38","modified_gmt":"2021-04-15T20:24:38","slug":"heroinas-de-papel","status":"publish","type":"post","link":"https:\/\/blogsaverroes.juntadeandalucia.es\/lahungara\/heroinas-de-papel\/","title":{"rendered":"Hero\u00ednas de papel"},"content":{"rendered":"<p>Siguiendo con las actividades en torno al D\u00eda del Libro, volvemos a promocionar nuestro cat\u00e1logo, esta vez en el Panel violeta del Santa.<\/p>\n<p>La literatura, el cine, los tebeos desde la infancia nos han inspirado. Todas y todos hemos querido ser desde nuestra infancia el pr\u00edncipe o Blancanieves; uno de los mosqueteros o Constanza, la amada de D\u2019Artac\u00e1n; Superman o Catwoman. Pero es verdad que las ni\u00f1as en el imaginario de la cuent\u00edstica tradicional, el mundo del tebeo y el cine ten\u00edamos un papel mucho m\u00e1s aburrido y pasivo, salvo honrosas excepciones. Generalmente nos tocaba esperar en un castillo, dormidas o sometidas bajo el yugo de una madrastra mala o de un padre que pensaba solo en una boda ventajosa. Cada vez m\u00e1s la industria cinematogr\u00e1fica como el mundo del cuento y la ilustraci\u00f3n han ido teniendo en cuenta los nuevos valores que la sociedad del siglo XX y XXI les reclama.<\/p>\n<p align=\"justify\">Desde nuestra biblioteca hemos querido rescatar otras hero\u00ednas de papel que estimulen nuestra pasi\u00f3n por la vida, nuestra inteligencia y valores acordes con una sociedad igualitaria, tales como la valent\u00eda y la capacidad de luchar por sus derechos de <i>Ana de la Tejas verdes, <\/i>de Lucy Maud Montgomery (1908); la libertad de movimientos y los poderes m\u00e1gicos de Pippi Langstrump, de Astrid Lindgren; la mirada cr\u00edtica y anal\u00edtica de <i>Mafalda<\/i>, de Joaqu\u00edn Salvador Lavado, \u201cQuino\u201d; la sororidad y capacidad de salir de los problemas de <i>Las tres Mellizas<\/i>, de Roser Capdevila o el amor por el estudio y la solidaridad con los que menos tienen de<i> la Pirata Marimar<\/i> de Elisa Constanza Zamora P\u00e9rez en su <i>Trilog\u00eda coeducativa para teatro negro; <\/i> y por qu\u00e9 no los s\u00faperpoderes de S\u00faper <i>Lola, la hero\u00edna que m\u00e1s mola, de Gema Otero Guiti\u00e9rrez, <\/i>pensada para las ni\u00f1as que no quieren ser princesas.<\/p>\n<p align=\"justify\">Las ni\u00f1as y ni\u00f1os, las y los adolescentes necesitan tener modelos en los que mirarse y que no encasillen en raz\u00f3n del sexo.<\/p>\n<p>ngg_shortcode_0_placeholderngg_shortcode_1_placeholder<\/p>\n","protected":false},"excerpt":{"rendered":"<p>Siguiendo con las actividades en torno al D\u00eda del Libro, volvemos a promocionar nuestro cat\u00e1logo, esta vez en el Panel violeta del Santa. La literatura, el cine, los tebeos desde la infancia nos han inspirado. Todas y todos hemos querido ser desde nuestra infancia el pr\u00edncipe o Blancanieves; uno de los mosqueteros o Constanza, la [&hellip;]<\/p>\n","protected":false},"author":12292,"featured_media":1543,"comment_status":"closed","ping_status":"open","sticky":false,"template":"","format":"standard","meta":{"ngg_post_thumbnail":0,"footnotes":""},"categories":[5],"tags":[],"aioseo_notices":[],"_links":{"self":[{"href":"https:\/\/blogsaverroes.juntadeandalucia.es\/lahungara\/wp-json\/wp\/v2\/posts\/1314"}],"collection":[{"href":"https:\/\/blogsaverroes.juntadeandalucia.es\/lahungara\/wp-json\/wp\/v2\/posts"}],"about":[{"href":"https:\/\/blogsaverroes.juntadeandalucia.es\/lahungara\/wp-json\/wp\/v2\/types\/post"}],"author":[{"embeddable":true,"href":"https:\/\/blogsaverroes.juntadeandalucia.es\/lahungara\/wp-json\/wp\/v2\/users\/12292"}],"replies":[{"embeddable":true,"href":"https:\/\/blogsaverroes.juntadeandalucia.es\/lahungara\/wp-json\/wp\/v2\/comments?post=1314"}],"version-history":[{"count":15,"href":"https:\/\/blogsaverroes.juntadeandalucia.es\/lahungara\/wp-json\/wp\/v2\/posts\/1314\/revisions"}],"predecessor-version":[{"id":1555,"href":"https:\/\/blogsaverroes.juntadeandalucia.es\/lahungara\/wp-json\/wp\/v2\/posts\/1314\/revisions\/1555"}],"wp:featuredmedia":[{"embeddable":true,"href":"https:\/\/blogsaverroes.juntadeandalucia.es\/lahungara\/wp-json\/wp\/v2\/media\/1543"}],"wp:attachment":[{"href":"https:\/\/blogsaverroes.juntadeandalucia.es\/lahungara\/wp-json\/wp\/v2\/media?parent=1314"}],"wp:term":[{"taxonomy":"category","embeddable":true,"href":"https:\/\/blogsaverroes.juntadeandalucia.es\/lahungara\/wp-json\/wp\/v2\/categories?post=1314"},{"taxonomy":"post_tag","embeddable":true,"href":"https:\/\/blogsaverroes.juntadeandalucia.es\/lahungara\/wp-json\/wp\/v2\/tags?post=1314"}],"curies":[{"name":"wp","href":"https:\/\/api.w.org\/{rel}","templated":true}]}}