{"id":1856,"date":"2021-04-27T08:42:35","date_gmt":"2021-04-27T08:42:35","guid":{"rendered":"https:\/\/blogsaverroes.juntadeandalucia.es\/lahungara\/?p=1856"},"modified":"2021-04-27T11:42:12","modified_gmt":"2021-04-27T11:42:12","slug":"exposicion-de-trampantojos","status":"publish","type":"post","link":"https:\/\/blogsaverroes.juntadeandalucia.es\/lahungara\/exposicion-de-trampantojos\/","title":{"rendered":"Exposici\u00f3n de Trampantojos"},"content":{"rendered":"<p>He aqu\u00ed todas las im\u00e1genes presentadas al I Concurso Trampantojo Literario de La H\u00fangara. \u00a1Todo un \u00e9xito! La creatividad, en estos muros de La Merced, no tiene l\u00edmites. Han sido m\u00e1s de 40 trabajos y todos simp\u00e1ticos e ingeniosos.<\/p>\n<p>Alba Cala, Am\u00edlcar Mancera y Mara Ar\u00e9valo son los ganadores en el apartado alumnado. \u00a1Enhorabuena!<\/p>\n<p>Loli Matas e Ignacio P\u00e9rez (acc\u00e9sit) son los ganadores en el apartado profesorado. \u00a1Enhorabuena!<\/p>\nngg_shortcode_0_placeholder\n","protected":false},"excerpt":{"rendered":"<p>He aqu\u00ed todas las im\u00e1genes presentadas al I Concurso Trampantojo Literario de La H\u00fangara. \u00a1Todo un \u00e9xito! La creatividad, en estos muros de La Merced, no tiene l\u00edmites. Han sido m\u00e1s de 40 trabajos y todos simp\u00e1ticos e ingeniosos. Alba Cala, Am\u00edlcar Mancera y Mara Ar\u00e9valo son los ganadores en el apartado alumnado. \u00a1Enhorabuena! Loli [&hellip;]<\/p>\n","protected":false},"author":12292,"featured_media":1863,"comment_status":"closed","ping_status":"open","sticky":false,"template":"","format":"standard","meta":{"ngg_post_thumbnail":0,"footnotes":""},"categories":[5],"tags":[],"aioseo_notices":[],"_links":{"self":[{"href":"https:\/\/blogsaverroes.juntadeandalucia.es\/lahungara\/wp-json\/wp\/v2\/posts\/1856"}],"collection":[{"href":"https:\/\/blogsaverroes.juntadeandalucia.es\/lahungara\/wp-json\/wp\/v2\/posts"}],"about":[{"href":"https:\/\/blogsaverroes.juntadeandalucia.es\/lahungara\/wp-json\/wp\/v2\/types\/post"}],"author":[{"embeddable":true,"href":"https:\/\/blogsaverroes.juntadeandalucia.es\/lahungara\/wp-json\/wp\/v2\/users\/12292"}],"replies":[{"embeddable":true,"href":"https:\/\/blogsaverroes.juntadeandalucia.es\/lahungara\/wp-json\/wp\/v2\/comments?post=1856"}],"version-history":[{"count":4,"href":"https:\/\/blogsaverroes.juntadeandalucia.es\/lahungara\/wp-json\/wp\/v2\/posts\/1856\/revisions"}],"predecessor-version":[{"id":1871,"href":"https:\/\/blogsaverroes.juntadeandalucia.es\/lahungara\/wp-json\/wp\/v2\/posts\/1856\/revisions\/1871"}],"wp:featuredmedia":[{"embeddable":true,"href":"https:\/\/blogsaverroes.juntadeandalucia.es\/lahungara\/wp-json\/wp\/v2\/media\/1863"}],"wp:attachment":[{"href":"https:\/\/blogsaverroes.juntadeandalucia.es\/lahungara\/wp-json\/wp\/v2\/media?parent=1856"}],"wp:term":[{"taxonomy":"category","embeddable":true,"href":"https:\/\/blogsaverroes.juntadeandalucia.es\/lahungara\/wp-json\/wp\/v2\/categories?post=1856"},{"taxonomy":"post_tag","embeddable":true,"href":"https:\/\/blogsaverroes.juntadeandalucia.es\/lahungara\/wp-json\/wp\/v2\/tags?post=1856"}],"curies":[{"name":"wp","href":"https:\/\/api.w.org\/{rel}","templated":true}]}}