{"id":2048,"date":"2021-10-18T08:06:05","date_gmt":"2021-10-18T08:06:05","guid":{"rendered":"https:\/\/blogsaverroes.juntadeandalucia.es\/lahungara\/?p=2048"},"modified":"2021-10-19T08:10:34","modified_gmt":"2021-10-19T08:10:34","slug":"dia-de-las-escritoras","status":"publish","type":"post","link":"https:\/\/blogsaverroes.juntadeandalucia.es\/lahungara\/dia-de-las-escritoras\/","title":{"rendered":"D\u00eda de las escritoras"},"content":{"rendered":"<p>Hoy, 18 de octubre, se celebra el D\u00eda de las Escritoras, una efem\u00e9ride que busca fomentar la escritura y visibilizar a todas las escritoras y sus obras.<\/p>\n<p>La H\u00fangara (y por supuesto toda la comunidad educativa del Santa Isabel de Hungr\u00eda) tambi\u00e9n queire rendir un peque\u00f1o homenaje a nuestra autora m\u00e1s prol\u00edfica desde su web social.<\/p>\n<p>Te queremos, Elisa Constanza Zamora. Gracias por regalarnos a diario tu energ\u00eda, sonrisa, ense\u00f1anzas y tus bell\u00edsimos textos.<\/p>\n","protected":false},"excerpt":{"rendered":"<p>Hoy, 18 de octubre, se celebra el D\u00eda de las Escritoras, una efem\u00e9ride que busca fomentar la escritura y visibilizar a todas las escritoras y sus obras. La H\u00fangara (y por supuesto toda la comunidad educativa del Santa Isabel de Hungr\u00eda) tambi\u00e9n queire rendir un peque\u00f1o homenaje a nuestra autora m\u00e1s prol\u00edfica desde su web [&hellip;]<\/p>\n","protected":false},"author":12292,"featured_media":2049,"comment_status":"closed","ping_status":"open","sticky":false,"template":"","format":"standard","meta":{"ngg_post_thumbnail":0,"footnotes":""},"categories":[5],"tags":[],"aioseo_notices":[],"_links":{"self":[{"href":"https:\/\/blogsaverroes.juntadeandalucia.es\/lahungara\/wp-json\/wp\/v2\/posts\/2048"}],"collection":[{"href":"https:\/\/blogsaverroes.juntadeandalucia.es\/lahungara\/wp-json\/wp\/v2\/posts"}],"about":[{"href":"https:\/\/blogsaverroes.juntadeandalucia.es\/lahungara\/wp-json\/wp\/v2\/types\/post"}],"author":[{"embeddable":true,"href":"https:\/\/blogsaverroes.juntadeandalucia.es\/lahungara\/wp-json\/wp\/v2\/users\/12292"}],"replies":[{"embeddable":true,"href":"https:\/\/blogsaverroes.juntadeandalucia.es\/lahungara\/wp-json\/wp\/v2\/comments?post=2048"}],"version-history":[{"count":2,"href":"https:\/\/blogsaverroes.juntadeandalucia.es\/lahungara\/wp-json\/wp\/v2\/posts\/2048\/revisions"}],"predecessor-version":[{"id":2051,"href":"https:\/\/blogsaverroes.juntadeandalucia.es\/lahungara\/wp-json\/wp\/v2\/posts\/2048\/revisions\/2051"}],"wp:featuredmedia":[{"embeddable":true,"href":"https:\/\/blogsaverroes.juntadeandalucia.es\/lahungara\/wp-json\/wp\/v2\/media\/2049"}],"wp:attachment":[{"href":"https:\/\/blogsaverroes.juntadeandalucia.es\/lahungara\/wp-json\/wp\/v2\/media?parent=2048"}],"wp:term":[{"taxonomy":"category","embeddable":true,"href":"https:\/\/blogsaverroes.juntadeandalucia.es\/lahungara\/wp-json\/wp\/v2\/categories?post=2048"},{"taxonomy":"post_tag","embeddable":true,"href":"https:\/\/blogsaverroes.juntadeandalucia.es\/lahungara\/wp-json\/wp\/v2\/tags?post=2048"}],"curies":[{"name":"wp","href":"https:\/\/api.w.org\/{rel}","templated":true}]}}