{"id":2238,"date":"2022-01-31T12:17:55","date_gmt":"2022-01-31T12:17:55","guid":{"rendered":"https:\/\/blogsaverroes.juntadeandalucia.es\/lahungara\/?p=2238"},"modified":"2022-02-10T12:45:02","modified_gmt":"2022-02-10T12:45:02","slug":"dia-de-la-paz","status":"publish","type":"post","link":"https:\/\/blogsaverroes.juntadeandalucia.es\/lahungara\/dia-de-la-paz\/","title":{"rendered":"D\u00eda de la Paz"},"content":{"rendered":"ngg_shortcode_0_placeholder\n<p>Y en el D\u00eda de la Paz, este a\u00f1o hemos trabajado el teatro como una herramienta de pacificaci\u00f3n entre razas, religiones y naciones, a trav\u00e9s de las figuras de Helene Weigel y Jessica Kaahwa.<\/p>\n<p>&nbsp;<\/p>\n","protected":false},"excerpt":{"rendered":"<p>&nbsp; Y en el D\u00eda de la Paz, este a\u00f1o hemos trabajado el teatro como una herramienta de pacificaci\u00f3n entre razas, religiones y naciones, a trav\u00e9s de las figuras de Helene Weigel y Jessica Kaahwa. &nbsp;<\/p>\n","protected":false},"author":12292,"featured_media":2239,"comment_status":"closed","ping_status":"open","sticky":false,"template":"","format":"standard","meta":{"ngg_post_thumbnail":0,"footnotes":""},"categories":[5],"tags":[],"aioseo_notices":[],"_links":{"self":[{"href":"https:\/\/blogsaverroes.juntadeandalucia.es\/lahungara\/wp-json\/wp\/v2\/posts\/2238"}],"collection":[{"href":"https:\/\/blogsaverroes.juntadeandalucia.es\/lahungara\/wp-json\/wp\/v2\/posts"}],"about":[{"href":"https:\/\/blogsaverroes.juntadeandalucia.es\/lahungara\/wp-json\/wp\/v2\/types\/post"}],"author":[{"embeddable":true,"href":"https:\/\/blogsaverroes.juntadeandalucia.es\/lahungara\/wp-json\/wp\/v2\/users\/12292"}],"replies":[{"embeddable":true,"href":"https:\/\/blogsaverroes.juntadeandalucia.es\/lahungara\/wp-json\/wp\/v2\/comments?post=2238"}],"version-history":[{"count":2,"href":"https:\/\/blogsaverroes.juntadeandalucia.es\/lahungara\/wp-json\/wp\/v2\/posts\/2238\/revisions"}],"predecessor-version":[{"id":2244,"href":"https:\/\/blogsaverroes.juntadeandalucia.es\/lahungara\/wp-json\/wp\/v2\/posts\/2238\/revisions\/2244"}],"wp:featuredmedia":[{"embeddable":true,"href":"https:\/\/blogsaverroes.juntadeandalucia.es\/lahungara\/wp-json\/wp\/v2\/media\/2239"}],"wp:attachment":[{"href":"https:\/\/blogsaverroes.juntadeandalucia.es\/lahungara\/wp-json\/wp\/v2\/media?parent=2238"}],"wp:term":[{"taxonomy":"category","embeddable":true,"href":"https:\/\/blogsaverroes.juntadeandalucia.es\/lahungara\/wp-json\/wp\/v2\/categories?post=2238"},{"taxonomy":"post_tag","embeddable":true,"href":"https:\/\/blogsaverroes.juntadeandalucia.es\/lahungara\/wp-json\/wp\/v2\/tags?post=2238"}],"curies":[{"name":"wp","href":"https:\/\/api.w.org\/{rel}","templated":true}]}}