{"id":2257,"date":"2022-02-23T09:12:40","date_gmt":"2022-02-23T09:12:40","guid":{"rendered":"https:\/\/blogsaverroes.juntadeandalucia.es\/lahungara\/?p=2257"},"modified":"2022-03-03T09:38:46","modified_gmt":"2022-03-03T09:38:46","slug":"la-violencia-fuera-de-escena","status":"publish","type":"post","link":"https:\/\/blogsaverroes.juntadeandalucia.es\/lahungara\/la-violencia-fuera-de-escena\/","title":{"rendered":"La violencia fuera de escena"},"content":{"rendered":"<p>El IES Santa Isabel de Hungr\u00eda ha tenido la suerte de disfrutar del taller teatral \u00abLa violencia fuera de escena\u00bb, organizad<\/p>\n<p>o por la asociaci\u00f3n HazTuacci\u00f3n, y gracias al Instituto Andaluz de la Mujer.<\/p>\n<p>A trav\u00e9s de un enfoque psicoesc\u00e9nico, basado en la metodolog\u00eda PIBE, han representado en formato teatral con una actriz y un actor escenas en las que el alumnado de 4\u00ba ESO y 1\u00ba de Bachillerato participa para dar soluciones a situaciones embrionarias que abocar\u00e1n en relaciones desiguales y de violencia en la pareja. Las escenas muestran el arco que se da en una relaci\u00f3n violenta desde su comienzo hasta el desenlace.<\/p>\nngg_shortcode_0_placeholder\n","protected":false},"excerpt":{"rendered":"<p>El IES Santa Isabel de Hungr\u00eda ha tenido la suerte de disfrutar del taller teatral \u00abLa violencia fuera de escena\u00bb, organizad o por la asociaci\u00f3n HazTuacci\u00f3n, y gracias al Instituto Andaluz de la Mujer. A trav\u00e9s de un enfoque psicoesc\u00e9nico, basado en la metodolog\u00eda PIBE, han representado en formato teatral con una actriz y un [&hellip;]<\/p>\n","protected":false},"author":12292,"featured_media":2262,"comment_status":"closed","ping_status":"open","sticky":false,"template":"","format":"standard","meta":{"ngg_post_thumbnail":0,"footnotes":""},"categories":[5],"tags":[],"aioseo_notices":[],"_links":{"self":[{"href":"https:\/\/blogsaverroes.juntadeandalucia.es\/lahungara\/wp-json\/wp\/v2\/posts\/2257"}],"collection":[{"href":"https:\/\/blogsaverroes.juntadeandalucia.es\/lahungara\/wp-json\/wp\/v2\/posts"}],"about":[{"href":"https:\/\/blogsaverroes.juntadeandalucia.es\/lahungara\/wp-json\/wp\/v2\/types\/post"}],"author":[{"embeddable":true,"href":"https:\/\/blogsaverroes.juntadeandalucia.es\/lahungara\/wp-json\/wp\/v2\/users\/12292"}],"replies":[{"embeddable":true,"href":"https:\/\/blogsaverroes.juntadeandalucia.es\/lahungara\/wp-json\/wp\/v2\/comments?post=2257"}],"version-history":[{"count":4,"href":"https:\/\/blogsaverroes.juntadeandalucia.es\/lahungara\/wp-json\/wp\/v2\/posts\/2257\/revisions"}],"predecessor-version":[{"id":2261,"href":"https:\/\/blogsaverroes.juntadeandalucia.es\/lahungara\/wp-json\/wp\/v2\/posts\/2257\/revisions\/2261"}],"wp:featuredmedia":[{"embeddable":true,"href":"https:\/\/blogsaverroes.juntadeandalucia.es\/lahungara\/wp-json\/wp\/v2\/media\/2262"}],"wp:attachment":[{"href":"https:\/\/blogsaverroes.juntadeandalucia.es\/lahungara\/wp-json\/wp\/v2\/media?parent=2257"}],"wp:term":[{"taxonomy":"category","embeddable":true,"href":"https:\/\/blogsaverroes.juntadeandalucia.es\/lahungara\/wp-json\/wp\/v2\/categories?post=2257"},{"taxonomy":"post_tag","embeddable":true,"href":"https:\/\/blogsaverroes.juntadeandalucia.es\/lahungara\/wp-json\/wp\/v2\/tags?post=2257"}],"curies":[{"name":"wp","href":"https:\/\/api.w.org\/{rel}","templated":true}]}}