{"id":2310,"date":"2022-04-01T07:56:13","date_gmt":"2022-04-01T07:56:13","guid":{"rendered":"https:\/\/blogsaverroes.juntadeandalucia.es\/lahungara\/?p=2310"},"modified":"2022-04-06T08:01:28","modified_gmt":"2022-04-06T08:01:28","slug":"exposicion-naturalista","status":"publish","type":"post","link":"https:\/\/blogsaverroes.juntadeandalucia.es\/lahungara\/exposicion-naturalista\/","title":{"rendered":"Exposici\u00f3n naturalista"},"content":{"rendered":"<p>La Sociedad Gaditana de Historia Natural ha tra\u00eddo a nuestro centro una exposici\u00f3n naturalista maravillosa. Con el fin de promover la tradici\u00f3n de la ilustraci\u00f3n naturalista como arte, la SGHN organiza desde 2013 y con una periodicidad bienal un Concurso de Ilustraci\u00f3n de Naturaleza. El concurso est\u00e1 abierto a participantes de cualquier nacionalidad. Las obras premiadas se utilizar\u00e1n para ilustrar la portada de una de las revistas editadas por la SGHN (Revista de la Sociedad Gaditana de Historia Natural).<\/p>\n<p>Estas piezas expuestas aqu\u00ed en el IES Santa Isabel de Hungr\u00eda pertenecen a la IV edici\u00f3n del concurso. Debajo de cada imagen hay informaci\u00f3n del tipo de t\u00e9cnica empleada y sobre la biograf\u00eda y nacionalidad del artista.<\/p>\n<p>La colecci\u00f3n est\u00e1 pasando por algunos centros educativos de la provincia y despu\u00e9s ir\u00e1 al zoo de la ciudad para que tambi\u00e9n pueda disfrutarse all\u00ed.<\/p>\n<p>&nbsp;<\/p>\nngg_shortcode_0_placeholder\n","protected":false},"excerpt":{"rendered":"<p>La Sociedad Gaditana de Historia Natural ha tra\u00eddo a nuestro centro una exposici\u00f3n naturalista maravillosa. Con el fin de promover la tradici\u00f3n de la ilustraci\u00f3n naturalista como arte, la SGHN organiza desde 2013 y con una periodicidad bienal un Concurso de Ilustraci\u00f3n de Naturaleza. El concurso est\u00e1 abierto a participantes de cualquier nacionalidad. Las obras [&hellip;]<\/p>\n","protected":false},"author":12292,"featured_media":2311,"comment_status":"closed","ping_status":"open","sticky":false,"template":"","format":"standard","meta":{"ngg_post_thumbnail":0,"footnotes":""},"categories":[5],"tags":[],"aioseo_notices":[],"_links":{"self":[{"href":"https:\/\/blogsaverroes.juntadeandalucia.es\/lahungara\/wp-json\/wp\/v2\/posts\/2310"}],"collection":[{"href":"https:\/\/blogsaverroes.juntadeandalucia.es\/lahungara\/wp-json\/wp\/v2\/posts"}],"about":[{"href":"https:\/\/blogsaverroes.juntadeandalucia.es\/lahungara\/wp-json\/wp\/v2\/types\/post"}],"author":[{"embeddable":true,"href":"https:\/\/blogsaverroes.juntadeandalucia.es\/lahungara\/wp-json\/wp\/v2\/users\/12292"}],"replies":[{"embeddable":true,"href":"https:\/\/blogsaverroes.juntadeandalucia.es\/lahungara\/wp-json\/wp\/v2\/comments?post=2310"}],"version-history":[{"count":3,"href":"https:\/\/blogsaverroes.juntadeandalucia.es\/lahungara\/wp-json\/wp\/v2\/posts\/2310\/revisions"}],"predecessor-version":[{"id":2319,"href":"https:\/\/blogsaverroes.juntadeandalucia.es\/lahungara\/wp-json\/wp\/v2\/posts\/2310\/revisions\/2319"}],"wp:featuredmedia":[{"embeddable":true,"href":"https:\/\/blogsaverroes.juntadeandalucia.es\/lahungara\/wp-json\/wp\/v2\/media\/2311"}],"wp:attachment":[{"href":"https:\/\/blogsaverroes.juntadeandalucia.es\/lahungara\/wp-json\/wp\/v2\/media?parent=2310"}],"wp:term":[{"taxonomy":"category","embeddable":true,"href":"https:\/\/blogsaverroes.juntadeandalucia.es\/lahungara\/wp-json\/wp\/v2\/categories?post=2310"},{"taxonomy":"post_tag","embeddable":true,"href":"https:\/\/blogsaverroes.juntadeandalucia.es\/lahungara\/wp-json\/wp\/v2\/tags?post=2310"}],"curies":[{"name":"wp","href":"https:\/\/api.w.org\/{rel}","templated":true}]}}