{"id":2359,"date":"2022-04-26T10:12:27","date_gmt":"2022-04-26T10:12:27","guid":{"rendered":"https:\/\/blogsaverroes.juntadeandalucia.es\/lahungara\/?p=2359"},"modified":"2022-04-26T12:26:29","modified_gmt":"2022-04-26T12:26:29","slug":"2359-2","status":"publish","type":"post","link":"https:\/\/blogsaverroes.juntadeandalucia.es\/lahungara\/2359-2\/","title":{"rendered":"D\u00eda del Libro 2022"},"content":{"rendered":"<p lang=\"es-ES-u-co-trad\" align=\"justify\"><span style=\"color: #000000\"><span style=\"font-family: Arial, serif\"><span style=\"font-size: medium\"><span style=\"font-family: Times New Roman, serif\"><span lang=\"es-ES\">El<\/span><\/span><span style=\"font-family: Times New Roman, serif\"><span lang=\"es-ES\"> IES Santa Isabel de Hungr\u00eda <\/span><\/span><span style=\"font-family: Times New Roman, serif\"><span lang=\"es-ES\">celebr\u00f3 su D\u00eda del Libro a lo grande. <\/span><\/span><span style=\"font-family: Times New Roman, serif\"><span lang=\"es-ES\">Ya el curso pasado presentamos oficialmente <\/span><\/span><span style=\"font-family: Times New Roman, serif\"><span lang=\"es-ES\">nuestro logo, la<\/span><\/span><span style=\"font-family: Times New Roman, serif\"><span lang=\"es-ES\"> imagen corporativa <\/span><\/span><span style=\"font-family: Times New Roman, serif\"><span lang=\"es-ES\">elaborada por la profesora Esther Algeciras y su alumnado<\/span><\/span><span style=\"font-family: Times New Roman, serif\"><span lang=\"es-ES\">: La H\u00fangara, <\/span><\/span><span style=\"font-family: Times New Roman, serif\"><span lang=\"es-ES\">denominada<\/span><\/span><span style=\"font-family: Times New Roman, serif\"><span lang=\"es-ES\"> as\u00ed por \u201c<\/span><\/span><span style=\"font-family: Times New Roman, serif\"><span lang=\"es-ES\">venir\u201d de Hungr\u00eda, porque <\/span><\/span><span style=\"font-family: Times New Roman, serif\"><span lang=\"es-ES\">la primera revista que se <\/span><\/span><span style=\"font-family: Times New Roman, serif\"><span lang=\"es-ES\">public\u00f3 <\/span><\/span><span style=\"font-family: Times New Roman, serif\"><span lang=\"es-ES\">en el <\/span><\/span><span style=\"font-family: Times New Roman, serif\"><span lang=\"es-ES\">IES se llamaba as\u00ed<\/span><\/span><span style=\"font-family: Times New Roman, serif\"><span lang=\"es-ES\">; <\/span><\/span><span style=\"font-family: Times New Roman, serif\"><span lang=\"es-ES\">porque es un nombre de mujer, feminista, y porque sabe a flamenco, ya que vive en el barrio de Santiago de Jerez de la Frontera, cuna de este arte.<\/span><\/span><\/span><\/span><\/span><\/p>\n<p lang=\"es-ES-u-co-trad\" align=\"justify\"><span style=\"color: #000000\"><span style=\"font-family: Arial, serif\"><span style=\"font-size: medium\"><span style=\"font-family: Times New Roman, serif\"><span lang=\"es-ES\"> Superar esta actividad era complicado pero <\/span><\/span><span style=\"font-family: Times New Roman, serif\"><span lang=\"es-ES\">lo hemos conseguido. El pasado viernes 22 de abril presentamos <\/span><\/span><span style=\"font-family: Times New Roman, serif\"><span lang=\"es-ES\">de forma oficial \u201cla voz\u201d de La H\u00fangara, una canci\u00f3n compuesta por nuestro compa\u00f1ero <\/span><\/span><span style=\"font-family: Times New Roman, serif\"><span lang=\"es-ES\">y poeta <\/span><\/span><span style=\"font-family: Times New Roman, serif\"><span lang=\"es-ES\">Ignacio P\u00e9rez, que habla de las maravillas de nuestra biblioteca.<\/span><\/span><\/span><\/span><\/span><\/p>\n<p lang=\"es-ES-u-co-trad\" align=\"justify\"><span style=\"color: #000000\"><span style=\"font-family: Arial, serif\"><span style=\"font-size: medium\"><span style=\"font-family: Times New Roman, serif\"><span lang=\"es-ES\"> E<\/span><\/span><span style=\"font-family: Times New Roman, serif\"><span lang=\"es-ES\">n el acto <\/span><\/span><span style=\"font-family: Times New Roman, serif\"><span lang=\"es-ES\">se vision\u00f3 <\/span><\/span><span style=\"font-family: Times New Roman, serif\"><span lang=\"es-ES\">el poema, recitado por el propio autor, <\/span><\/span><span style=\"font-family: Times New Roman, serif\"><span lang=\"es-ES\">se vision\u00f3 otro <\/span><\/span><span style=\"font-family: Times New Roman, serif\"><span lang=\"es-ES\">recitado por parte de alumnas del centro <\/span><\/span><span style=\"font-family: Times New Roman, serif\"><span lang=\"es-ES\">y, obviamente, Ignacio P\u00e9rez y el profesor Mario Benicio cantaron <\/span><\/span><span style=\"font-family: Times New Roman, serif\"><span lang=\"es-ES\">en directo la canci\u00f3n.<\/span><\/span><\/span><\/span><\/span><\/p>\n<p lang=\"es-ES-u-co-trad\" align=\"justify\"><span style=\"color: #000000\"><span style=\"font-family: Arial, serif\"><span style=\"font-size: medium\"><span style=\"font-family: Times New Roman, serif\"><span lang=\"es-ES\"> Adem\u00e1s, se entregaron <\/span><\/span><span style=\"font-family: Times New Roman, serif\"><span lang=\"es-ES\">premios de nuestros ya tradicionales Certamen Literario, <\/span><\/span><span style=\"font-family: Times New Roman, serif\"><span lang=\"es-ES\">otorgados a la alumna Anna Sol\u00e9 (categor\u00eda Secundaria) y Alejandro M\u00e1rquez (Bachillerato); y los del <\/span><\/span><span style=\"font-family: Times New Roman, serif\"><span lang=\"es-ES\">Concurso Trampantojo literario <\/span><\/span><span style=\"font-family: Times New Roman, serif\"><span lang=\"es-ES\">(para el alumno Iv\u00e1n S\u00e1nchez y los profesores Anabel G\u00f3mez y Fernando Garc\u00eda)<\/span><\/span><span style=\"font-family: Times New Roman, serif\"><span lang=\"es-ES\">.<\/span><\/span><\/span><\/span><\/span><\/p>\n<p align=\"justify\"><span style=\"color: #000000\"><span style=\"font-family: Times New Roman, serif\"><span style=\"font-size: medium\"> Para que La H\u00fangara se vaya a la Feria de Jerez (en dos semanas), se repartieron a la comunidad educativa abanicos de papel y abanicos pintados a mano por el propio alumnado.<\/span><\/span><\/span><\/p>\n<p><iframe loading=\"lazy\" title=\"Los profesores Mario Benicio e Ignacio P\u00e9rez cantan el poema de La H\u00fangara, nuestra biblioteca.\" width=\"1170\" height=\"658\" src=\"https:\/\/www.youtube.com\/embed\/CWBIFPT6jPU?feature=oembed\" frameborder=\"0\" allow=\"accelerometer; autoplay; clipboard-write; encrypted-media; gyroscope; picture-in-picture\" allowfullscreen><\/iframe><\/p>\n<p>&nbsp;<\/p>\nngg_shortcode_0_placeholder\n","protected":false},"excerpt":{"rendered":"<p>El IES Santa Isabel de Hungr\u00eda celebr\u00f3 su D\u00eda del Libro a lo grande. Ya el curso pasado presentamos oficialmente nuestro logo, la imagen corporativa elaborada por la profesora Esther Algeciras y su alumnado: La H\u00fangara, denominada as\u00ed por \u201cvenir\u201d de Hungr\u00eda, porque la primera revista que se public\u00f3 en el IES se llamaba as\u00ed; [&hellip;]<\/p>\n","protected":false},"author":12292,"featured_media":2373,"comment_status":"closed","ping_status":"open","sticky":false,"template":"","format":"standard","meta":{"ngg_post_thumbnail":0,"footnotes":""},"categories":[5],"tags":[],"aioseo_notices":[],"_links":{"self":[{"href":"https:\/\/blogsaverroes.juntadeandalucia.es\/lahungara\/wp-json\/wp\/v2\/posts\/2359"}],"collection":[{"href":"https:\/\/blogsaverroes.juntadeandalucia.es\/lahungara\/wp-json\/wp\/v2\/posts"}],"about":[{"href":"https:\/\/blogsaverroes.juntadeandalucia.es\/lahungara\/wp-json\/wp\/v2\/types\/post"}],"author":[{"embeddable":true,"href":"https:\/\/blogsaverroes.juntadeandalucia.es\/lahungara\/wp-json\/wp\/v2\/users\/12292"}],"replies":[{"embeddable":true,"href":"https:\/\/blogsaverroes.juntadeandalucia.es\/lahungara\/wp-json\/wp\/v2\/comments?post=2359"}],"version-history":[{"count":3,"href":"https:\/\/blogsaverroes.juntadeandalucia.es\/lahungara\/wp-json\/wp\/v2\/posts\/2359\/revisions"}],"predecessor-version":[{"id":2375,"href":"https:\/\/blogsaverroes.juntadeandalucia.es\/lahungara\/wp-json\/wp\/v2\/posts\/2359\/revisions\/2375"}],"wp:featuredmedia":[{"embeddable":true,"href":"https:\/\/blogsaverroes.juntadeandalucia.es\/lahungara\/wp-json\/wp\/v2\/media\/2373"}],"wp:attachment":[{"href":"https:\/\/blogsaverroes.juntadeandalucia.es\/lahungara\/wp-json\/wp\/v2\/media?parent=2359"}],"wp:term":[{"taxonomy":"category","embeddable":true,"href":"https:\/\/blogsaverroes.juntadeandalucia.es\/lahungara\/wp-json\/wp\/v2\/categories?post=2359"},{"taxonomy":"post_tag","embeddable":true,"href":"https:\/\/blogsaverroes.juntadeandalucia.es\/lahungara\/wp-json\/wp\/v2\/tags?post=2359"}],"curies":[{"name":"wp","href":"https:\/\/api.w.org\/{rel}","templated":true}]}}