{"id":2628,"date":"2023-02-24T12:23:49","date_gmt":"2023-02-24T12:23:49","guid":{"rendered":"https:\/\/blogsaverroes.juntadeandalucia.es\/lahungara\/?p=2628"},"modified":"2023-03-03T12:27:09","modified_gmt":"2023-03-03T12:27:09","slug":"gincana-matematica","status":"publish","type":"post","link":"https:\/\/blogsaverroes.juntadeandalucia.es\/lahungara\/gincana-matematica\/","title":{"rendered":"Gincana matem\u00e1tica"},"content":{"rendered":"<p>Y la gincana&nbsp; matem\u00e1tica se pas\u00f3 por La H\u00fangara en nuestra Semana Cultural. \u00a1El \u00abstand\u00bb ecol\u00f3gico fue el punto de encuentro de los jugadores, que tambi\u00e9n tuvieron que correr por el claustro, gimnasio, patio de la buganvilla&#8230;!<\/p>\n<p>&nbsp;<\/p>\n<p><img loading=\"lazy\" decoding=\"async\" class=\"alignnone size-medium wp-image-2630\" src=\"https:\/\/blogsaverroes.juntadeandalucia.es\/lahungara\/files\/2023\/03\/c6b9db7a-2241-4472-9565-abacad7338b7-300x150.jpg\" alt=\"\" width=\"300\" height=\"150\" srcset=\"https:\/\/blogsaverroes.juntadeandalucia.es\/lahungara\/files\/2023\/03\/c6b9db7a-2241-4472-9565-abacad7338b7-300x150.jpg 300w, https:\/\/blogsaverroes.juntadeandalucia.es\/lahungara\/files\/2023\/03\/c6b9db7a-2241-4472-9565-abacad7338b7-1024x512.jpg 1024w, https:\/\/blogsaverroes.juntadeandalucia.es\/lahungara\/files\/2023\/03\/c6b9db7a-2241-4472-9565-abacad7338b7-768x384.jpg 768w, https:\/\/blogsaverroes.juntadeandalucia.es\/lahungara\/files\/2023\/03\/c6b9db7a-2241-4472-9565-abacad7338b7-1536x768.jpg 1536w, https:\/\/blogsaverroes.juntadeandalucia.es\/lahungara\/files\/2023\/03\/c6b9db7a-2241-4472-9565-abacad7338b7.jpg 1600w\" sizes=\"(max-width: 300px) 100vw, 300px\" \/> <img loading=\"lazy\" decoding=\"async\" class=\"alignnone size-medium wp-image-2632\" src=\"https:\/\/blogsaverroes.juntadeandalucia.es\/lahungara\/files\/2023\/03\/IMG-6911-300x225.jpg\" alt=\"\" width=\"300\" height=\"225\" srcset=\"https:\/\/blogsaverroes.juntadeandalucia.es\/lahungara\/files\/2023\/03\/IMG-6911-300x225.jpg 300w, https:\/\/blogsaverroes.juntadeandalucia.es\/lahungara\/files\/2023\/03\/IMG-6911-1024x768.jpg 1024w, https:\/\/blogsaverroes.juntadeandalucia.es\/lahungara\/files\/2023\/03\/IMG-6911-768x576.jpg 768w, https:\/\/blogsaverroes.juntadeandalucia.es\/lahungara\/files\/2023\/03\/IMG-6911-1536x1152.jpg 1536w, https:\/\/blogsaverroes.juntadeandalucia.es\/lahungara\/files\/2023\/03\/IMG-6911-2048x1536.jpg 2048w\" sizes=\"(max-width: 300px) 100vw, 300px\" \/><\/p>\n","protected":false},"excerpt":{"rendered":"<p>Y la gincana&nbsp; matem\u00e1tica se pas\u00f3 por La H\u00fangara en nuestra Semana Cultural. \u00a1El \u00abstand\u00bb ecol\u00f3gico fue el punto de encuentro de los jugadores, que tambi\u00e9n tuvieron que correr por el claustro, gimnasio, patio de la buganvilla&#8230;! &nbsp;<\/p>\n","protected":false},"author":12292,"featured_media":2629,"comment_status":"closed","ping_status":"open","sticky":false,"template":"","format":"standard","meta":{"ngg_post_thumbnail":0,"footnotes":""},"categories":[5],"tags":[],"aioseo_notices":[],"_links":{"self":[{"href":"https:\/\/blogsaverroes.juntadeandalucia.es\/lahungara\/wp-json\/wp\/v2\/posts\/2628"}],"collection":[{"href":"https:\/\/blogsaverroes.juntadeandalucia.es\/lahungara\/wp-json\/wp\/v2\/posts"}],"about":[{"href":"https:\/\/blogsaverroes.juntadeandalucia.es\/lahungara\/wp-json\/wp\/v2\/types\/post"}],"author":[{"embeddable":true,"href":"https:\/\/blogsaverroes.juntadeandalucia.es\/lahungara\/wp-json\/wp\/v2\/users\/12292"}],"replies":[{"embeddable":true,"href":"https:\/\/blogsaverroes.juntadeandalucia.es\/lahungara\/wp-json\/wp\/v2\/comments?post=2628"}],"version-history":[{"count":1,"href":"https:\/\/blogsaverroes.juntadeandalucia.es\/lahungara\/wp-json\/wp\/v2\/posts\/2628\/revisions"}],"predecessor-version":[{"id":2633,"href":"https:\/\/blogsaverroes.juntadeandalucia.es\/lahungara\/wp-json\/wp\/v2\/posts\/2628\/revisions\/2633"}],"wp:featuredmedia":[{"embeddable":true,"href":"https:\/\/blogsaverroes.juntadeandalucia.es\/lahungara\/wp-json\/wp\/v2\/media\/2629"}],"wp:attachment":[{"href":"https:\/\/blogsaverroes.juntadeandalucia.es\/lahungara\/wp-json\/wp\/v2\/media?parent=2628"}],"wp:term":[{"taxonomy":"category","embeddable":true,"href":"https:\/\/blogsaverroes.juntadeandalucia.es\/lahungara\/wp-json\/wp\/v2\/categories?post=2628"},{"taxonomy":"post_tag","embeddable":true,"href":"https:\/\/blogsaverroes.juntadeandalucia.es\/lahungara\/wp-json\/wp\/v2\/tags?post=2628"}],"curies":[{"name":"wp","href":"https:\/\/api.w.org\/{rel}","templated":true}]}}