{"id":2650,"date":"2023-05-02T16:10:34","date_gmt":"2023-05-02T16:10:34","guid":{"rendered":"https:\/\/blogsaverroes.juntadeandalucia.es\/lahungara\/?p=2650"},"modified":"2023-06-27T14:05:56","modified_gmt":"2023-06-27T14:05:56","slug":"blancanieves-bosque","status":"publish","type":"post","link":"https:\/\/blogsaverroes.juntadeandalucia.es\/lahungara\/blancanieves-bosque\/","title":{"rendered":"&#8216;Blancanieves se queda en el bosque&#8217;, ma\u00f1ana"},"content":{"rendered":"<div dir=\"auto\">Ma\u00f1ana cobrar\u00e1 vida uno de nuestros libros de cabecera: \u201cBlancanieves se queda en el bosque\u201d, de la Trilog\u00eda coeducativa de Elisa Constanza Zamora.<\/div>\n<div dir=\"auto\">Bajo la direcci\u00f3n de la profesora Miriam Garc\u00eda, el alumnado de 2\u00ba de Teatro en el Aula, representar\u00e1 un texto que defiende la necesidad de cuidar a la Madre Tierra. \u00a1Que suba el tel\u00f3n!<\/div>\n","protected":false},"excerpt":{"rendered":"<p>Ma\u00f1ana cobrar\u00e1 vida uno de nuestros libros de cabecera: \u201cBlancanieves se queda en el bosque\u201d, de la Trilog\u00eda coeducativa de Elisa Constanza Zamora. Bajo la direcci\u00f3n de la profesora Miriam Garc\u00eda, el alumnado de 2\u00ba de Teatro en el Aula, representar\u00e1 un texto que defiende la necesidad de cuidar a la Madre Tierra. \u00a1Que suba [&hellip;]<\/p>\n","protected":false},"author":12292,"featured_media":2651,"comment_status":"closed","ping_status":"open","sticky":false,"template":"","format":"standard","meta":{"ngg_post_thumbnail":0,"footnotes":""},"categories":[5],"tags":[],"aioseo_notices":[],"_links":{"self":[{"href":"https:\/\/blogsaverroes.juntadeandalucia.es\/lahungara\/wp-json\/wp\/v2\/posts\/2650"}],"collection":[{"href":"https:\/\/blogsaverroes.juntadeandalucia.es\/lahungara\/wp-json\/wp\/v2\/posts"}],"about":[{"href":"https:\/\/blogsaverroes.juntadeandalucia.es\/lahungara\/wp-json\/wp\/v2\/types\/post"}],"author":[{"embeddable":true,"href":"https:\/\/blogsaverroes.juntadeandalucia.es\/lahungara\/wp-json\/wp\/v2\/users\/12292"}],"replies":[{"embeddable":true,"href":"https:\/\/blogsaverroes.juntadeandalucia.es\/lahungara\/wp-json\/wp\/v2\/comments?post=2650"}],"version-history":[{"count":2,"href":"https:\/\/blogsaverroes.juntadeandalucia.es\/lahungara\/wp-json\/wp\/v2\/posts\/2650\/revisions"}],"predecessor-version":[{"id":2721,"href":"https:\/\/blogsaverroes.juntadeandalucia.es\/lahungara\/wp-json\/wp\/v2\/posts\/2650\/revisions\/2721"}],"wp:featuredmedia":[{"embeddable":true,"href":"https:\/\/blogsaverroes.juntadeandalucia.es\/lahungara\/wp-json\/wp\/v2\/media\/2651"}],"wp:attachment":[{"href":"https:\/\/blogsaverroes.juntadeandalucia.es\/lahungara\/wp-json\/wp\/v2\/media?parent=2650"}],"wp:term":[{"taxonomy":"category","embeddable":true,"href":"https:\/\/blogsaverroes.juntadeandalucia.es\/lahungara\/wp-json\/wp\/v2\/categories?post=2650"},{"taxonomy":"post_tag","embeddable":true,"href":"https:\/\/blogsaverroes.juntadeandalucia.es\/lahungara\/wp-json\/wp\/v2\/tags?post=2650"}],"curies":[{"name":"wp","href":"https:\/\/api.w.org\/{rel}","templated":true}]}}