{"id":2695,"date":"2023-04-27T17:12:25","date_gmt":"2023-04-27T17:12:25","guid":{"rendered":"https:\/\/blogsaverroes.juntadeandalucia.es\/lahungara\/?p=2695"},"modified":"2023-05-03T17:14:56","modified_gmt":"2023-05-03T17:14:56","slug":"yo-precario","status":"publish","type":"post","link":"https:\/\/blogsaverroes.juntadeandalucia.es\/lahungara\/yo-precario\/","title":{"rendered":"&#8216;Yo, precario&#8217;"},"content":{"rendered":"<p>Nuestra EcoH\u00fangara, el espacio exterior reci\u00e9n inaugurado de la biblioteca del IES Santa Isabel de Hungr\u00eda, ha contado hoy con el privilegio de conversar y aprender con Javier L\u00f3pez Menacho. Su libro \u201cYo, precario\u201d acompa\u00f1a al alumnado de Integraci\u00f3n Social y a la profesora Mar\u00eda Jos\u00e9 Mu\u00f1oz desde hace algunos a\u00f1os. Aceptar la precariedad y aprender a superarla, as\u00ed como construir profesionalmente nuestro relato profesional son estrategias clave para crecer laboral y personalmente. @lopezmenacho, much\u00edsimas gracias por tu visita.<\/p>\n<p><img loading=\"lazy\" decoding=\"async\" class=\"alignnone size-medium wp-image-2698\" src=\"https:\/\/blogsaverroes.juntadeandalucia.es\/lahungara\/files\/2023\/05\/abfbdff6-913f-4f91-92b7-8e0775eeb4d5-300x300.jpg\" alt=\"\" width=\"300\" height=\"300\" srcset=\"https:\/\/blogsaverroes.juntadeandalucia.es\/lahungara\/files\/2023\/05\/abfbdff6-913f-4f91-92b7-8e0775eeb4d5-300x300.jpg 300w, https:\/\/blogsaverroes.juntadeandalucia.es\/lahungara\/files\/2023\/05\/abfbdff6-913f-4f91-92b7-8e0775eeb4d5-1024x1024.jpg 1024w, https:\/\/blogsaverroes.juntadeandalucia.es\/lahungara\/files\/2023\/05\/abfbdff6-913f-4f91-92b7-8e0775eeb4d5-150x150.jpg 150w, https:\/\/blogsaverroes.juntadeandalucia.es\/lahungara\/files\/2023\/05\/abfbdff6-913f-4f91-92b7-8e0775eeb4d5-768x768.jpg 768w, https:\/\/blogsaverroes.juntadeandalucia.es\/lahungara\/files\/2023\/05\/abfbdff6-913f-4f91-92b7-8e0775eeb4d5.jpg 1440w\" sizes=\"(max-width: 300px) 100vw, 300px\" \/> <img loading=\"lazy\" decoding=\"async\" class=\"alignnone size-medium wp-image-2699\" src=\"https:\/\/blogsaverroes.juntadeandalucia.es\/lahungara\/files\/2023\/05\/c9791a35-dc91-4eaf-adfe-0d9139b8db88-1-300x300.jpg\" alt=\"\" width=\"300\" height=\"300\" srcset=\"https:\/\/blogsaverroes.juntadeandalucia.es\/lahungara\/files\/2023\/05\/c9791a35-dc91-4eaf-adfe-0d9139b8db88-1-300x300.jpg 300w, https:\/\/blogsaverroes.juntadeandalucia.es\/lahungara\/files\/2023\/05\/c9791a35-dc91-4eaf-adfe-0d9139b8db88-1-150x150.jpg 150w, https:\/\/blogsaverroes.juntadeandalucia.es\/lahungara\/files\/2023\/05\/c9791a35-dc91-4eaf-adfe-0d9139b8db88-1-768x768.jpg 768w, https:\/\/blogsaverroes.juntadeandalucia.es\/lahungara\/files\/2023\/05\/c9791a35-dc91-4eaf-adfe-0d9139b8db88-1.jpg 921w\" sizes=\"(max-width: 300px) 100vw, 300px\" \/><\/p>\n","protected":false},"excerpt":{"rendered":"<p>Nuestra EcoH\u00fangara, el espacio exterior reci\u00e9n inaugurado de la biblioteca del IES Santa Isabel de Hungr\u00eda, ha contado hoy con el privilegio de conversar y aprender con Javier L\u00f3pez Menacho. Su libro \u201cYo, precario\u201d acompa\u00f1a al alumnado de Integraci\u00f3n Social y a la profesora Mar\u00eda Jos\u00e9 Mu\u00f1oz desde hace algunos a\u00f1os. Aceptar la precariedad y [&hellip;]<\/p>\n","protected":false},"author":12292,"featured_media":2696,"comment_status":"closed","ping_status":"open","sticky":false,"template":"","format":"standard","meta":{"ngg_post_thumbnail":0,"footnotes":""},"categories":[5],"tags":[],"aioseo_notices":[],"_links":{"self":[{"href":"https:\/\/blogsaverroes.juntadeandalucia.es\/lahungara\/wp-json\/wp\/v2\/posts\/2695"}],"collection":[{"href":"https:\/\/blogsaverroes.juntadeandalucia.es\/lahungara\/wp-json\/wp\/v2\/posts"}],"about":[{"href":"https:\/\/blogsaverroes.juntadeandalucia.es\/lahungara\/wp-json\/wp\/v2\/types\/post"}],"author":[{"embeddable":true,"href":"https:\/\/blogsaverroes.juntadeandalucia.es\/lahungara\/wp-json\/wp\/v2\/users\/12292"}],"replies":[{"embeddable":true,"href":"https:\/\/blogsaverroes.juntadeandalucia.es\/lahungara\/wp-json\/wp\/v2\/comments?post=2695"}],"version-history":[{"count":2,"href":"https:\/\/blogsaverroes.juntadeandalucia.es\/lahungara\/wp-json\/wp\/v2\/posts\/2695\/revisions"}],"predecessor-version":[{"id":2701,"href":"https:\/\/blogsaverroes.juntadeandalucia.es\/lahungara\/wp-json\/wp\/v2\/posts\/2695\/revisions\/2701"}],"wp:featuredmedia":[{"embeddable":true,"href":"https:\/\/blogsaverroes.juntadeandalucia.es\/lahungara\/wp-json\/wp\/v2\/media\/2696"}],"wp:attachment":[{"href":"https:\/\/blogsaverroes.juntadeandalucia.es\/lahungara\/wp-json\/wp\/v2\/media?parent=2695"}],"wp:term":[{"taxonomy":"category","embeddable":true,"href":"https:\/\/blogsaverroes.juntadeandalucia.es\/lahungara\/wp-json\/wp\/v2\/categories?post=2695"},{"taxonomy":"post_tag","embeddable":true,"href":"https:\/\/blogsaverroes.juntadeandalucia.es\/lahungara\/wp-json\/wp\/v2\/tags?post=2695"}],"curies":[{"name":"wp","href":"https:\/\/api.w.org\/{rel}","templated":true}]}}