{"id":2723,"date":"2022-12-02T12:43:36","date_gmt":"2022-12-02T12:43:36","guid":{"rendered":"https:\/\/blogsaverroes.juntadeandalucia.es\/lahungara\/?p=2723"},"modified":"2023-07-02T12:47:48","modified_gmt":"2023-07-02T12:47:48","slug":"aulas-verdes-abiertas","status":"publish","type":"post","link":"https:\/\/blogsaverroes.juntadeandalucia.es\/lahungara\/aulas-verdes-abiertas\/","title":{"rendered":"Aulas Verdes Abiertas"},"content":{"rendered":"<p>Nuestro instituto ha presentado a la Junta de Andaluc\u00eda el proyecto Aulas&nbsp; Verdes Abiertas (tem\u00e1tica medioambiental) para conseguir financiaci\u00f3n y as\u00ed poder acondicionar dos in<span style=\"font-family: Calibri, serif\"><span lang=\"es-ES-u-co-trad\">stalaciones exteriores que podr<\/span>\u00ed<span lang=\"es-ES-u-co-trad\">an aprovecharse pedag\u00f3gicamente y que servir<\/span>\u00ed<span lang=\"es-ES-u-co-trad\">an para promover el desarrollo sostenible y que aborden la emergencia clim<\/span>\u00e1<span lang=\"es-ES-u-co-trad\">tica. Estos dos espacios son&nbsp; el espacio exterior reservado para el aparcamiento de bicicletas <\/span><span lang=\"es-ES-u-co-trad\">y la terraza exterior anexa a nuestra biblioteca escolar denominada La H<\/span>\u00fa<span lang=\"es-ES-u-co-trad\">ngara y que este mismo a\u00f1o se ha alzado con el Primer Premio de Bibliotecas Escolares de Andaluc<\/span>\u00ed<span lang=\"es-ES-u-co-trad\">a.<span id=\"Marco7\" dir=\"ltr\"><\/span><\/span><\/span><\/p>\n<p>No sabemos si conseguiremos la ayuda pero al menos \u00a1s\u00ed sabemos qui\u00e9nes van a liderar el proyecto sostenible de nuestro centro!<\/p>\n<p lang=\"pt-PT\" align=\"center\"><span style=\"font-family: Cambria, serif\"><span style=\"font-size: x-large\"><span style=\"color: #000000\"><span style=\"font-family: Times New Roman, serif\"><span style=\"font-size: medium\"><span lang=\"es-ES-u-co-trad\"><i>Coordinadora: Esther Algeciras:<\/i><\/span><\/span><\/span><\/span><\/span><\/span><\/p>\n<p lang=\"pt-PT\" align=\"center\"><span style=\"font-family: Cambria, serif\"><span style=\"font-size: x-large\"><span style=\"color: #000000\"><span style=\"font-family: Times New Roman, serif\"><span style=\"font-size: medium\"><span lang=\"es-ES-u-co-trad\"><i>Profesorado: Rub<\/i><\/span><\/span><\/span><\/span><span style=\"color: #000000\"><span style=\"font-family: Times New Roman, serif\"><span style=\"font-size: medium\"><span lang=\"fr-FR\"><i>\u00e9<\/i><\/span><\/span><\/span><\/span><span style=\"color: #000000\"><span style=\"font-family: Times New Roman, serif\"><span style=\"font-size: medium\"><span lang=\"pt-PT\"><i>n Zaya Grilo, Miriam Garc<\/i><\/span><\/span><\/span><\/span><span style=\"color: #000000\"><span style=\"font-family: Times New Roman, serif\"><span style=\"font-size: medium\"><i>\u00eda<\/i><\/span><\/span><\/span><span style=\"color: #000000\"><span style=\"font-family: Times New Roman, serif\"><span style=\"font-size: medium\"><span lang=\"es-ES-u-co-trad\"><i> Vidal, Carmen Miranda P<\/i><\/span><\/span><\/span><\/span><span style=\"color: #000000\"><span style=\"font-family: Times New Roman, serif\"><span style=\"font-size: medium\"><span lang=\"fr-FR\"><i>\u00e9<\/i><\/span><\/span><\/span><\/span><span style=\"color: #000000\"><span style=\"font-family: Times New Roman, serif\"><span style=\"font-size: medium\"><span lang=\"es-ES-u-co-trad\"><i>rez, Carmen Vargas Su<\/i><\/span><\/span><\/span><\/span><span style=\"color: #000000\"><span style=\"font-family: Times New Roman, serif\"><span style=\"font-size: medium\"><i>\u00e1<\/i><\/span><\/span><\/span><span style=\"color: #000000\"><span style=\"font-family: Times New Roman, serif\"><span style=\"font-size: medium\"><span lang=\"es-ES-u-co-trad\"><i>rez, Francisco Javier Navarro Izquierdo, Mario Benicio Nieto, Mar<\/i><\/span><\/span><\/span><\/span><span style=\"color: #000000\"><span style=\"font-family: Times New Roman, serif\"><span style=\"font-size: medium\"><i>\u00ed<\/i><\/span><\/span><\/span><span style=\"color: #000000\"><span style=\"font-family: Times New Roman, serif\"><span style=\"font-size: medium\"><span lang=\"es-ES-u-co-trad\"><i>a Dolores Matas Matas, Alfonso Alonso Rodr<\/i><\/span><\/span><\/span><\/span><span style=\"color: #000000\"><span style=\"font-family: Times New Roman, serif\"><span style=\"font-size: medium\"><i>\u00ed<\/i><\/span><\/span><\/span><span style=\"color: #000000\"><span style=\"font-family: Times New Roman, serif\"><span style=\"font-size: medium\"><span lang=\"es-ES-u-co-trad\"><i>guez, Manuel Paz Julbes, <\/i><\/span><\/span><\/span><\/span><span style=\"color: #000000\"><span style=\"font-family: Times New Roman, serif\"><span style=\"font-size: medium\"><span lang=\"es-ES-u-co-trad\"><i>Alba Navarro Izquierdo<\/i><\/span><\/span><\/span><\/span><span style=\"color: #000000\"><span style=\"font-family: Times New Roman, serif\"><span style=\"font-size: medium\"><span lang=\"es-ES-u-co-trad\"><i>.<\/i><\/span><\/span><\/span><\/span><\/span><\/span><\/p>\n<p>&nbsp;<\/p>\n","protected":false},"excerpt":{"rendered":"<p>Nuestro instituto ha presentado a la Junta de Andaluc\u00eda el proyecto Aulas&nbsp; Verdes Abiertas (tem\u00e1tica medioambiental) para conseguir financiaci\u00f3n y as\u00ed poder acondicionar dos instalaciones exteriores que podr\u00edan aprovecharse pedag\u00f3gicamente y que servir\u00edan para promover el desarrollo sostenible y que aborden la emergencia clim\u00e1tica. Estos dos espacios son&nbsp; el espacio exterior reservado para el aparcamiento [&hellip;]<\/p>\n","protected":false},"author":12292,"featured_media":2724,"comment_status":"closed","ping_status":"open","sticky":false,"template":"","format":"standard","meta":{"ngg_post_thumbnail":0,"footnotes":""},"categories":[5],"tags":[],"aioseo_notices":[],"_links":{"self":[{"href":"https:\/\/blogsaverroes.juntadeandalucia.es\/lahungara\/wp-json\/wp\/v2\/posts\/2723"}],"collection":[{"href":"https:\/\/blogsaverroes.juntadeandalucia.es\/lahungara\/wp-json\/wp\/v2\/posts"}],"about":[{"href":"https:\/\/blogsaverroes.juntadeandalucia.es\/lahungara\/wp-json\/wp\/v2\/types\/post"}],"author":[{"embeddable":true,"href":"https:\/\/blogsaverroes.juntadeandalucia.es\/lahungara\/wp-json\/wp\/v2\/users\/12292"}],"replies":[{"embeddable":true,"href":"https:\/\/blogsaverroes.juntadeandalucia.es\/lahungara\/wp-json\/wp\/v2\/comments?post=2723"}],"version-history":[{"count":2,"href":"https:\/\/blogsaverroes.juntadeandalucia.es\/lahungara\/wp-json\/wp\/v2\/posts\/2723\/revisions"}],"predecessor-version":[{"id":2726,"href":"https:\/\/blogsaverroes.juntadeandalucia.es\/lahungara\/wp-json\/wp\/v2\/posts\/2723\/revisions\/2726"}],"wp:featuredmedia":[{"embeddable":true,"href":"https:\/\/blogsaverroes.juntadeandalucia.es\/lahungara\/wp-json\/wp\/v2\/media\/2724"}],"wp:attachment":[{"href":"https:\/\/blogsaverroes.juntadeandalucia.es\/lahungara\/wp-json\/wp\/v2\/media?parent=2723"}],"wp:term":[{"taxonomy":"category","embeddable":true,"href":"https:\/\/blogsaverroes.juntadeandalucia.es\/lahungara\/wp-json\/wp\/v2\/categories?post=2723"},{"taxonomy":"post_tag","embeddable":true,"href":"https:\/\/blogsaverroes.juntadeandalucia.es\/lahungara\/wp-json\/wp\/v2\/tags?post=2723"}],"curies":[{"name":"wp","href":"https:\/\/api.w.org\/{rel}","templated":true}]}}